{"id":7417,"date":"2024-12-13T11:28:09","date_gmt":"2024-12-13T11:28:09","guid":{"rendered":"https:\/\/lisbonpubliclaw.pt\/?post_type=noticias&#038;p=7417"},"modified":"2025-07-30T15:24:13","modified_gmt":"2025-07-30T15:24:13","slug":"carlos-blanco-de-morais-discute-a-politica-portuguesa-em-materia-de-imigracao","status":"publish","type":"noticias","link":"https:\/\/lisbonpubliclaw.pt\/en\/noticias\/carlos-blanco-de-morais-discute-a-politica-portuguesa-em-materia-de-imigracao\/","title":{"rendered":"Media | Carlos Blanco de Morais discute a pol\u00edtica portuguesa em mat\u00e9ria de imigra\u00e7\u00e3o"},"content":{"rendered":"<p>O investigador e Coordenador Cient\u00edfico do LPL, Carlos Blanco de Morais, falou ao Jornal Econ\u00f3mico sobre o tema da imigra\u00e7\u00e3o em Portugal, \u00e0 margem da confer\u00eancia \u201cA Regula\u00e7\u00e3o da Imigra\u00e7\u00e3o \u2013 Imigra\u00e7\u00e3o Sustent\u00e1vel num Estado Social de Direito\u201d, realizada na Faculdade de Direito da Universidade de Lisboa (FDUL).  Artigo completo\u00a0<strong><a href=\"https:\/\/leitor.jornaleconomico.pt\/noticia\/carlos-blanco-de-morais-a-politica-portuguesa-em-materia-de-imigracao-e-frouxa\" target=\"_blank\" rel=\"noreferrer noopener\">here<\/a><\/strong>.<\/p>\n\n\n\n<p><\/p>","protected":false},"template":"","meta":[],"cluster":[],"grupo-de-investigacao":[],"class_list":["post-7417","noticias","type-noticias","status-publish","hentry"],"yoast_head":"<!-- This site is optimized with the Yoast SEO plugin v27.5 - https:\/\/yoast.com\/product\/yoast-seo-wordpress\/ -->\n<title>Media | Carlos Blanco de Morais discute a pol\u00edtica portuguesa em mat\u00e9ria de imigra\u00e7\u00e3o - Lisbon Public Law<\/title>\n<meta name=\"robots\" content=\"index, follow, max-snippet:-1, max-image-preview:large, max-video-preview:-1\" \/>\n<link rel=\"canonical\" href=\"https:\/\/lisbonpubliclaw.pt\/en\/noticias\/carlos-blanco-de-morais-discute-a-politica-portuguesa-em-materia-de-imigracao\/\" \/>\n<meta property=\"og:locale\" content=\"en_US\" \/>\n<meta property=\"og:type\" content=\"article\" \/>\n<meta property=\"og:title\" content=\"Media | Carlos Blanco de Morais discute a pol\u00edtica portuguesa em mat\u00e9ria de imigra\u00e7\u00e3o - Lisbon Public Law\" \/>\n<meta property=\"og:description\" content=\"O investigador e Coordenador Cient\u00edfico do LPL, Carlos Blanco de Morais, falou ao Jornal Econ\u00f3mico sobre o tema da imigra\u00e7\u00e3o em Portugal, \u00e0 margem da confer\u00eancia \u201cA Regula\u00e7\u00e3o da Imigra\u00e7\u00e3o \u2013 Imigra\u00e7\u00e3o Sustent\u00e1vel num Estado Social de Direito\u201d, realizada na Faculdade de Direito da Universidade de Lisboa (FDUL). Artigo completo\u00a0aqui.\" \/>\n<meta property=\"og:url\" content=\"https:\/\/lisbonpubliclaw.pt\/en\/noticias\/carlos-blanco-de-morais-discute-a-politica-portuguesa-em-materia-de-imigracao\/\" \/>\n<meta property=\"og:site_name\" content=\"Lisbon Public Law\" \/>\n<meta property=\"article:modified_time\" content=\"2025-07-30T15:24:13+00:00\" \/>\n<meta name=\"twitter:card\" content=\"summary_large_image\" \/>\n<meta name=\"twitter:label1\" content=\"Est. reading time\" \/>\n\t<meta name=\"twitter:data1\" content=\"1 minute\" \/>\n<script type=\"application\/ld+json\" class=\"yoast-schema-graph\">{\"@context\":\"https:\\\/\\\/schema.org\",\"@graph\":[{\"@type\":\"WebPage\",\"@id\":\"https:\\\/\\\/lisbonpubliclaw.pt\\\/noticias\\\/carlos-blanco-de-morais-discute-a-politica-portuguesa-em-materia-de-imigracao\\\/\",\"url\":\"https:\\\/\\\/lisbonpubliclaw.pt\\\/noticias\\\/carlos-blanco-de-morais-discute-a-politica-portuguesa-em-materia-de-imigracao\\\/\",\"name\":\"Media | Carlos Blanco de Morais discute a pol\u00edtica portuguesa em mat\u00e9ria de imigra\u00e7\u00e3o - Lisbon Public Law\",\"isPartOf\":{\"@id\":\"https:\\\/\\\/lisbonpubliclaw.pt\\\/#website\"},\"datePublished\":\"2024-12-13T11:28:09+00:00\",\"dateModified\":\"2025-07-30T15:24:13+00:00\",\"breadcrumb\":{\"@id\":\"https:\\\/\\\/lisbonpubliclaw.pt\\\/noticias\\\/carlos-blanco-de-morais-discute-a-politica-portuguesa-em-materia-de-imigracao\\\/#breadcrumb\"},\"inLanguage\":\"en-US\",\"potentialAction\":[{\"@type\":\"ReadAction\",\"target\":[\"https:\\\/\\\/lisbonpubliclaw.pt\\\/noticias\\\/carlos-blanco-de-morais-discute-a-politica-portuguesa-em-materia-de-imigracao\\\/\"]}]},{\"@type\":\"BreadcrumbList\",\"@id\":\"https:\\\/\\\/lisbonpubliclaw.pt\\\/noticias\\\/carlos-blanco-de-morais-discute-a-politica-portuguesa-em-materia-de-imigracao\\\/#breadcrumb\",\"itemListElement\":[{\"@type\":\"ListItem\",\"position\":1,\"name\":\"Home\",\"item\":\"https:\\\/\\\/lisbonpubliclaw.pt\\\/\"},{\"@type\":\"ListItem\",\"position\":2,\"name\":\"Not\u00edcias\",\"item\":\"https:\\\/\\\/lisbonpubliclaw.pt\\\/noticias\\\/\"},{\"@type\":\"ListItem\",\"position\":3,\"name\":\"Media | Carlos Blanco de Morais discute a pol\u00edtica portuguesa em mat\u00e9ria de imigra\u00e7\u00e3o\"}]},{\"@type\":\"WebSite\",\"@id\":\"https:\\\/\\\/lisbonpubliclaw.pt\\\/#website\",\"url\":\"https:\\\/\\\/lisbonpubliclaw.pt\\\/\",\"name\":\"Lisbon Public Law\",\"description\":\"Public Law Research Centre in Lisbon\",\"publisher\":{\"@id\":\"https:\\\/\\\/lisbonpubliclaw.pt\\\/#organization\"},\"potentialAction\":[{\"@type\":\"SearchAction\",\"target\":{\"@type\":\"EntryPoint\",\"urlTemplate\":\"https:\\\/\\\/lisbonpubliclaw.pt\\\/?s={search_term_string}\"},\"query-input\":{\"@type\":\"PropertyValueSpecification\",\"valueRequired\":true,\"valueName\":\"search_term_string\"}}],\"inLanguage\":\"en-US\"},{\"@type\":\"Organization\",\"@id\":\"https:\\\/\\\/lisbonpubliclaw.pt\\\/#organization\",\"name\":\"Lisbon Public Law\",\"url\":\"https:\\\/\\\/lisbonpubliclaw.pt\\\/\",\"logo\":{\"@type\":\"ImageObject\",\"inLanguage\":\"en-US\",\"@id\":\"https:\\\/\\\/lisbonpubliclaw.pt\\\/#\\\/schema\\\/logo\\\/image\\\/\",\"url\":\"https:\\\/\\\/lisbonpubliclaw.pt\\\/wp-content\\\/uploads\\\/2023\\\/06\\\/WhatsApp-Image-2023-06-19-at-11.01.50-1.jpeg\",\"contentUrl\":\"https:\\\/\\\/lisbonpubliclaw.pt\\\/wp-content\\\/uploads\\\/2023\\\/06\\\/WhatsApp-Image-2023-06-19-at-11.01.50-1.jpeg\",\"width\":354,\"height\":354,\"caption\":\"Lisbon Public Law\"},\"image\":{\"@id\":\"https:\\\/\\\/lisbonpubliclaw.pt\\\/#\\\/schema\\\/logo\\\/image\\\/\"}}]}<\/script>\n<!-- \/ Yoast SEO plugin. -->","yoast_head_json":{"title":"Media | Carlos Blanco de Morais discute a pol\u00edtica portuguesa em mat\u00e9ria de imigra\u00e7\u00e3o - Lisbon Public Law","robots":{"index":"index","follow":"follow","max-snippet":"max-snippet:-1","max-image-preview":"max-image-preview:large","max-video-preview":"max-video-preview:-1"},"canonical":"https:\/\/lisbonpubliclaw.pt\/en\/noticias\/carlos-blanco-de-morais-discute-a-politica-portuguesa-em-materia-de-imigracao\/","og_locale":"en_US","og_type":"article","og_title":"Media | Carlos Blanco de Morais discute a pol\u00edtica portuguesa em mat\u00e9ria de imigra\u00e7\u00e3o - Lisbon Public Law","og_description":"O investigador e Coordenador Cient\u00edfico do LPL, Carlos Blanco de Morais, falou ao Jornal Econ\u00f3mico sobre o tema da imigra\u00e7\u00e3o em Portugal, \u00e0 margem da confer\u00eancia \u201cA Regula\u00e7\u00e3o da Imigra\u00e7\u00e3o \u2013 Imigra\u00e7\u00e3o Sustent\u00e1vel num Estado Social de Direito\u201d, realizada na Faculdade de Direito da Universidade de Lisboa (FDUL). Artigo completo\u00a0aqui.","og_url":"https:\/\/lisbonpubliclaw.pt\/en\/noticias\/carlos-blanco-de-morais-discute-a-politica-portuguesa-em-materia-de-imigracao\/","og_site_name":"Lisbon Public Law","article_modified_time":"2025-07-30T15:24:13+00:00","twitter_card":"summary_large_image","twitter_misc":{"Est. reading time":"1 minute"},"schema":{"@context":"https:\/\/schema.org","@graph":[{"@type":"WebPage","@id":"https:\/\/lisbonpubliclaw.pt\/noticias\/carlos-blanco-de-morais-discute-a-politica-portuguesa-em-materia-de-imigracao\/","url":"https:\/\/lisbonpubliclaw.pt\/noticias\/carlos-blanco-de-morais-discute-a-politica-portuguesa-em-materia-de-imigracao\/","name":"Media | Carlos Blanco de Morais discute a pol\u00edtica portuguesa em mat\u00e9ria de imigra\u00e7\u00e3o - Lisbon Public Law","isPartOf":{"@id":"https:\/\/lisbonpubliclaw.pt\/#website"},"datePublished":"2024-12-13T11:28:09+00:00","dateModified":"2025-07-30T15:24:13+00:00","breadcrumb":{"@id":"https:\/\/lisbonpubliclaw.pt\/noticias\/carlos-blanco-de-morais-discute-a-politica-portuguesa-em-materia-de-imigracao\/#breadcrumb"},"inLanguage":"en-US","potentialAction":[{"@type":"ReadAction","target":["https:\/\/lisbonpubliclaw.pt\/noticias\/carlos-blanco-de-morais-discute-a-politica-portuguesa-em-materia-de-imigracao\/"]}]},{"@type":"BreadcrumbList","@id":"https:\/\/lisbonpubliclaw.pt\/noticias\/carlos-blanco-de-morais-discute-a-politica-portuguesa-em-materia-de-imigracao\/#breadcrumb","itemListElement":[{"@type":"ListItem","position":1,"name":"Home","item":"https:\/\/lisbonpubliclaw.pt\/"},{"@type":"ListItem","position":2,"name":"Not\u00edcias","item":"https:\/\/lisbonpubliclaw.pt\/noticias\/"},{"@type":"ListItem","position":3,"name":"Media | Carlos Blanco de Morais discute a pol\u00edtica portuguesa em mat\u00e9ria de imigra\u00e7\u00e3o"}]},{"@type":"WebSite","@id":"https:\/\/lisbonpubliclaw.pt\/#website","url":"https:\/\/lisbonpubliclaw.pt\/","name":"Lisbon Public Law","description":"Public Law Research Centre in Lisbon","publisher":{"@id":"https:\/\/lisbonpubliclaw.pt\/#organization"},"potentialAction":[{"@type":"SearchAction","target":{"@type":"EntryPoint","urlTemplate":"https:\/\/lisbonpubliclaw.pt\/?s={search_term_string}"},"query-input":{"@type":"PropertyValueSpecification","valueRequired":true,"valueName":"search_term_string"}}],"inLanguage":"en-US"},{"@type":"Organization","@id":"https:\/\/lisbonpubliclaw.pt\/#organization","name":"Lisbon Public Law","url":"https:\/\/lisbonpubliclaw.pt\/","logo":{"@type":"ImageObject","inLanguage":"en-US","@id":"https:\/\/lisbonpubliclaw.pt\/#\/schema\/logo\/image\/","url":"https:\/\/lisbonpubliclaw.pt\/wp-content\/uploads\/2023\/06\/WhatsApp-Image-2023-06-19-at-11.01.50-1.jpeg","contentUrl":"https:\/\/lisbonpubliclaw.pt\/wp-content\/uploads\/2023\/06\/WhatsApp-Image-2023-06-19-at-11.01.50-1.jpeg","width":354,"height":354,"caption":"Lisbon Public Law"},"image":{"@id":"https:\/\/lisbonpubliclaw.pt\/#\/schema\/logo\/image\/"}}]}},"_links":{"self":[{"href":"https:\/\/lisbonpubliclaw.pt\/en\/wp-json\/wp\/v2\/noticias\/7417","targetHints":{"allow":["GET"]}}],"collection":[{"href":"https:\/\/lisbonpubliclaw.pt\/en\/wp-json\/wp\/v2\/noticias"}],"about":[{"href":"https:\/\/lisbonpubliclaw.pt\/en\/wp-json\/wp\/v2\/types\/noticias"}],"wp:attachment":[{"href":"https:\/\/lisbonpubliclaw.pt\/en\/wp-json\/wp\/v2\/media?parent=7417"}],"wp:term":[{"taxonomy":"cluster","embeddable":true,"href":"https:\/\/lisbonpubliclaw.pt\/en\/wp-json\/wp\/v2\/cluster?post=7417"},{"taxonomy":"grupo-de-investigacao","embeddable":true,"href":"https:\/\/lisbonpubliclaw.pt\/en\/wp-json\/wp\/v2\/grupo-de-investigacao?post=7417"}],"curies":[{"name":"wp","href":"https:\/\/api.w.org\/{rel}","templated":true}]}}