{"id":7411,"date":"2024-12-11T15:34:40","date_gmt":"2024-12-11T15:34:40","guid":{"rendered":"https:\/\/lisbonpubliclaw.pt\/?post_type=noticias&#038;p=7411"},"modified":"2025-07-30T15:24:41","modified_gmt":"2025-07-30T15:24:41","slug":"conferencia-a-regulacao-da-imigracao","status":"publish","type":"noticias","link":"https:\/\/lisbonpubliclaw.pt\/en\/noticias\/conferencia-a-regulacao-da-imigracao\/","title":{"rendered":"Aconteceu | Confer\u00eancia: A Regula\u00e7\u00e3o da Imigra\u00e7\u00e3o"},"content":{"rendered":"<p>Last Friday, the conference \u201cThe Regulation of Immigration\u201d took place, coordinated by researchers Carlos Blanco de Morais and Ana Rita Gil, as part of the project \u201cSustainable Immigration in a Social State of Law\u201d. During the event, experts discussed the challenges and solutions for immigration regulation, addressing topics such as immigrants\u2019 rights, social integration, and the impact of immigration on public policies. The conference highlighted the importance of a balanced and fair approach, ensuring sustainability and inclusion within the framework of a Social State of Law.<\/p>\n\n\n\n<figure class=\"wp-block-gallery has-nested-images columns-default is-cropped wp-block-gallery-1 is-layout-flex wp-block-gallery-is-layout-flex\">\n<figure class=\"wp-block-image size-large\"><img fetchpriority=\"high\" decoding=\"async\" width=\"1024\" height=\"683\" data-id=\"7397\" src=\"https:\/\/lisbonpubliclaw.pt\/wp-content\/uploads\/2024\/12\/1-1024x683.png\" alt=\"\" class=\"wp-image-7397\" srcset=\"https:\/\/lisbonpubliclaw.pt\/wp-content\/uploads\/2024\/12\/1-1024x683.png 1024w, https:\/\/lisbonpubliclaw.pt\/wp-content\/uploads\/2024\/12\/1-300x200.png 300w, https:\/\/lisbonpubliclaw.pt\/wp-content\/uploads\/2024\/12\/1-768x512.png 768w, https:\/\/lisbonpubliclaw.pt\/wp-content\/uploads\/2024\/12\/1-1536x1025.png 1536w, https:\/\/lisbonpubliclaw.pt\/wp-content\/uploads\/2024\/12\/1-18x12.png 18w, https:\/\/lisbonpubliclaw.pt\/wp-content\/uploads\/2024\/12\/1-600x400.png 600w, https:\/\/lisbonpubliclaw.pt\/wp-content\/uploads\/2024\/12\/1.png 1871w\" sizes=\"(max-width: 1024px) 100vw, 1024px\" \/><\/figure>\n\n\n\n<figure class=\"wp-block-image size-large\"><img decoding=\"async\" width=\"1024\" height=\"683\" data-id=\"7398\" src=\"https:\/\/lisbonpubliclaw.pt\/wp-content\/uploads\/2024\/12\/2-1024x683.png\" alt=\"\" class=\"wp-image-7398\" srcset=\"https:\/\/lisbonpubliclaw.pt\/wp-content\/uploads\/2024\/12\/2-1024x683.png 1024w, https:\/\/lisbonpubliclaw.pt\/wp-content\/uploads\/2024\/12\/2-300x200.png 300w, https:\/\/lisbonpubliclaw.pt\/wp-content\/uploads\/2024\/12\/2-768x512.png 768w, https:\/\/lisbonpubliclaw.pt\/wp-content\/uploads\/2024\/12\/2-1536x1025.png 1536w, https:\/\/lisbonpubliclaw.pt\/wp-content\/uploads\/2024\/12\/2-18x12.png 18w, https:\/\/lisbonpubliclaw.pt\/wp-content\/uploads\/2024\/12\/2-600x400.png 600w, https:\/\/lisbonpubliclaw.pt\/wp-content\/uploads\/2024\/12\/2.png 1871w\" sizes=\"(max-width: 1024px) 100vw, 1024px\" \/><\/figure>\n\n\n\n<figure class=\"wp-block-image size-large is-style-default\"><img decoding=\"async\" width=\"1871\" height=\"1248\" data-id=\"7399\" src=\"https:\/\/lisbonpubliclaw.pt\/wp-content\/uploads\/2024\/12\/3-1024x683.png\" alt=\"\" class=\"wp-image-7399\" srcset=\"https:\/\/lisbonpubliclaw.pt\/wp-content\/uploads\/2024\/12\/3-1024x683.png 1024w, https:\/\/lisbonpubliclaw.pt\/wp-content\/uploads\/2024\/12\/3-300x200.png 300w, https:\/\/lisbonpubliclaw.pt\/wp-content\/uploads\/2024\/12\/3-768x512.png 768w, https:\/\/lisbonpubliclaw.pt\/wp-content\/uploads\/2024\/12\/3-1536x1025.png 1536w, https:\/\/lisbonpubliclaw.pt\/wp-content\/uploads\/2024\/12\/3-18x12.png 18w, https:\/\/lisbonpubliclaw.pt\/wp-content\/uploads\/2024\/12\/3-600x400.png 600w, https:\/\/lisbonpubliclaw.pt\/wp-content\/uploads\/2024\/12\/3.png 1871w\" sizes=\"(max-width: 1871px) 100vw, 1871px\" \/><\/figure>\n\n\n\n<figure class=\"wp-block-image size-large\"><img loading=\"lazy\" decoding=\"async\" width=\"1024\" height=\"683\" data-id=\"7400\" src=\"https:\/\/lisbonpubliclaw.pt\/wp-content\/uploads\/2024\/12\/4-1024x683.png\" alt=\"\" class=\"wp-image-7400\" srcset=\"https:\/\/lisbonpubliclaw.pt\/wp-content\/uploads\/2024\/12\/4-1024x683.png 1024w, https:\/\/lisbonpubliclaw.pt\/wp-content\/uploads\/2024\/12\/4-300x200.png 300w, https:\/\/lisbonpubliclaw.pt\/wp-content\/uploads\/2024\/12\/4-768x512.png 768w, https:\/\/lisbonpubliclaw.pt\/wp-content\/uploads\/2024\/12\/4-1536x1025.png 1536w, https:\/\/lisbonpubliclaw.pt\/wp-content\/uploads\/2024\/12\/4-18x12.png 18w, https:\/\/lisbonpubliclaw.pt\/wp-content\/uploads\/2024\/12\/4-600x400.png 600w, https:\/\/lisbonpubliclaw.pt\/wp-content\/uploads\/2024\/12\/4.png 1871w\" sizes=\"(max-width: 1024px) 100vw, 1024px\" \/><\/figure>\n\n\n\n<figure class=\"wp-block-image size-large\"><img loading=\"lazy\" decoding=\"async\" width=\"1024\" height=\"683\" data-id=\"7401\" src=\"https:\/\/lisbonpubliclaw.pt\/wp-content\/uploads\/2024\/12\/5-1024x683.png\" alt=\"\" class=\"wp-image-7401\" srcset=\"https:\/\/lisbonpubliclaw.pt\/wp-content\/uploads\/2024\/12\/5-1024x683.png 1024w, https:\/\/lisbonpubliclaw.pt\/wp-content\/uploads\/2024\/12\/5-300x200.png 300w, https:\/\/lisbonpubliclaw.pt\/wp-content\/uploads\/2024\/12\/5-768x512.png 768w, https:\/\/lisbonpubliclaw.pt\/wp-content\/uploads\/2024\/12\/5-1536x1025.png 1536w, https:\/\/lisbonpubliclaw.pt\/wp-content\/uploads\/2024\/12\/5-18x12.png 18w, https:\/\/lisbonpubliclaw.pt\/wp-content\/uploads\/2024\/12\/5-600x400.png 600w, https:\/\/lisbonpubliclaw.pt\/wp-content\/uploads\/2024\/12\/5.png 1871w\" sizes=\"(max-width: 1024px) 100vw, 1024px\" \/><\/figure>\n\n\n\n<figure class=\"wp-block-image size-large\"><img loading=\"lazy\" decoding=\"async\" width=\"1024\" height=\"683\" data-id=\"7402\" src=\"https:\/\/lisbonpubliclaw.pt\/wp-content\/uploads\/2024\/12\/6-1024x683.png\" alt=\"\" class=\"wp-image-7402\" srcset=\"https:\/\/lisbonpubliclaw.pt\/wp-content\/uploads\/2024\/12\/6-1024x683.png 1024w, https:\/\/lisbonpubliclaw.pt\/wp-content\/uploads\/2024\/12\/6-300x200.png 300w, https:\/\/lisbonpubliclaw.pt\/wp-content\/uploads\/2024\/12\/6-768x512.png 768w, https:\/\/lisbonpubliclaw.pt\/wp-content\/uploads\/2024\/12\/6-1536x1025.png 1536w, https:\/\/lisbonpubliclaw.pt\/wp-content\/uploads\/2024\/12\/6-18x12.png 18w, https:\/\/lisbonpubliclaw.pt\/wp-content\/uploads\/2024\/12\/6-600x400.png 600w, https:\/\/lisbonpubliclaw.pt\/wp-content\/uploads\/2024\/12\/6.png 1871w\" sizes=\"(max-width: 1024px) 100vw, 1024px\" \/><\/figure>\n\n\n\n<figure class=\"wp-block-image size-large\"><img loading=\"lazy\" decoding=\"async\" width=\"1024\" height=\"683\" data-id=\"7404\" src=\"https:\/\/lisbonpubliclaw.pt\/wp-content\/uploads\/2024\/12\/8-1024x683.png\" alt=\"\" class=\"wp-image-7404\" srcset=\"https:\/\/lisbonpubliclaw.pt\/wp-content\/uploads\/2024\/12\/8-1024x683.png 1024w, https:\/\/lisbonpubliclaw.pt\/wp-content\/uploads\/2024\/12\/8-300x200.png 300w, https:\/\/lisbonpubliclaw.pt\/wp-content\/uploads\/2024\/12\/8-768x512.png 768w, https:\/\/lisbonpubliclaw.pt\/wp-content\/uploads\/2024\/12\/8-1536x1025.png 1536w, https:\/\/lisbonpubliclaw.pt\/wp-content\/uploads\/2024\/12\/8-18x12.png 18w, https:\/\/lisbonpubliclaw.pt\/wp-content\/uploads\/2024\/12\/8-600x400.png 600w, https:\/\/lisbonpubliclaw.pt\/wp-content\/uploads\/2024\/12\/8.png 1871w\" sizes=\"(max-width: 1024px) 100vw, 1024px\" \/><\/figure>\n\n\n\n<figure class=\"wp-block-image size-large\"><img loading=\"lazy\" decoding=\"async\" width=\"1024\" height=\"683\" data-id=\"7403\" src=\"https:\/\/lisbonpubliclaw.pt\/wp-content\/uploads\/2024\/12\/7-1024x683.png\" alt=\"\" class=\"wp-image-7403\" srcset=\"https:\/\/lisbonpubliclaw.pt\/wp-content\/uploads\/2024\/12\/7-1024x683.png 1024w, https:\/\/lisbonpubliclaw.pt\/wp-content\/uploads\/2024\/12\/7-300x200.png 300w, https:\/\/lisbonpubliclaw.pt\/wp-content\/uploads\/2024\/12\/7-768x512.png 768w, https:\/\/lisbonpubliclaw.pt\/wp-content\/uploads\/2024\/12\/7-1536x1025.png 1536w, https:\/\/lisbonpubliclaw.pt\/wp-content\/uploads\/2024\/12\/7-18x12.png 18w, https:\/\/lisbonpubliclaw.pt\/wp-content\/uploads\/2024\/12\/7-600x400.png 600w, https:\/\/lisbonpubliclaw.pt\/wp-content\/uploads\/2024\/12\/7.png 1871w\" sizes=\"(max-width: 1024px) 100vw, 1024px\" \/><\/figure>\n\n\n\n<figure class=\"wp-block-image size-large\"><img loading=\"lazy\" decoding=\"async\" width=\"1024\" height=\"683\" data-id=\"7405\" src=\"https:\/\/lisbonpubliclaw.pt\/wp-content\/uploads\/2024\/12\/9-1024x683.png\" alt=\"\" class=\"wp-image-7405\" srcset=\"https:\/\/lisbonpubliclaw.pt\/wp-content\/uploads\/2024\/12\/9-1024x683.png 1024w, https:\/\/lisbonpubliclaw.pt\/wp-content\/uploads\/2024\/12\/9-300x200.png 300w, https:\/\/lisbonpubliclaw.pt\/wp-content\/uploads\/2024\/12\/9-768x512.png 768w, https:\/\/lisbonpubliclaw.pt\/wp-content\/uploads\/2024\/12\/9-1536x1025.png 1536w, https:\/\/lisbonpubliclaw.pt\/wp-content\/uploads\/2024\/12\/9-18x12.png 18w, https:\/\/lisbonpubliclaw.pt\/wp-content\/uploads\/2024\/12\/9-600x400.png 600w, https:\/\/lisbonpubliclaw.pt\/wp-content\/uploads\/2024\/12\/9.png 1871w\" sizes=\"(max-width: 1024px) 100vw, 1024px\" \/><\/figure>\n\n\n\n<figure class=\"wp-block-image size-large\"><img loading=\"lazy\" decoding=\"async\" width=\"1024\" height=\"683\" data-id=\"7407\" src=\"https:\/\/lisbonpubliclaw.pt\/wp-content\/uploads\/2024\/12\/11-1024x683.png\" alt=\"\" class=\"wp-image-7407\" srcset=\"https:\/\/lisbonpubliclaw.pt\/wp-content\/uploads\/2024\/12\/11-1024x683.png 1024w, https:\/\/lisbonpubliclaw.pt\/wp-content\/uploads\/2024\/12\/11-300x200.png 300w, https:\/\/lisbonpubliclaw.pt\/wp-content\/uploads\/2024\/12\/11-768x512.png 768w, https:\/\/lisbonpubliclaw.pt\/wp-content\/uploads\/2024\/12\/11-1536x1025.png 1536w, https:\/\/lisbonpubliclaw.pt\/wp-content\/uploads\/2024\/12\/11-18x12.png 18w, https:\/\/lisbonpubliclaw.pt\/wp-content\/uploads\/2024\/12\/11-600x400.png 600w, https:\/\/lisbonpubliclaw.pt\/wp-content\/uploads\/2024\/12\/11.png 1871w\" sizes=\"(max-width: 1024px) 100vw, 1024px\" \/><\/figure>\n\n\n\n<figure class=\"wp-block-image size-large\"><img loading=\"lazy\" decoding=\"async\" width=\"1024\" height=\"683\" data-id=\"7406\" src=\"https:\/\/lisbonpubliclaw.pt\/wp-content\/uploads\/2024\/12\/10-1024x683.png\" alt=\"\" class=\"wp-image-7406\" srcset=\"https:\/\/lisbonpubliclaw.pt\/wp-content\/uploads\/2024\/12\/10-1024x683.png 1024w, https:\/\/lisbonpubliclaw.pt\/wp-content\/uploads\/2024\/12\/10-300x200.png 300w, https:\/\/lisbonpubliclaw.pt\/wp-content\/uploads\/2024\/12\/10-768x512.png 768w, https:\/\/lisbonpubliclaw.pt\/wp-content\/uploads\/2024\/12\/10-1536x1025.png 1536w, https:\/\/lisbonpubliclaw.pt\/wp-content\/uploads\/2024\/12\/10-18x12.png 18w, https:\/\/lisbonpubliclaw.pt\/wp-content\/uploads\/2024\/12\/10-600x400.png 600w, https:\/\/lisbonpubliclaw.pt\/wp-content\/uploads\/2024\/12\/10.png 1871w\" sizes=\"(max-width: 1024px) 100vw, 1024px\" \/><\/figure>\n\n\n\n<figure class=\"wp-block-image size-large\"><img loading=\"lazy\" decoding=\"async\" width=\"1024\" height=\"683\" data-id=\"7408\" src=\"https:\/\/lisbonpubliclaw.pt\/wp-content\/uploads\/2024\/12\/12-1024x683.png\" alt=\"\" class=\"wp-image-7408\" srcset=\"https:\/\/lisbonpubliclaw.pt\/wp-content\/uploads\/2024\/12\/12-1024x683.png 1024w, https:\/\/lisbonpubliclaw.pt\/wp-content\/uploads\/2024\/12\/12-300x200.png 300w, https:\/\/lisbonpubliclaw.pt\/wp-content\/uploads\/2024\/12\/12-768x512.png 768w, https:\/\/lisbonpubliclaw.pt\/wp-content\/uploads\/2024\/12\/12-1536x1025.png 1536w, https:\/\/lisbonpubliclaw.pt\/wp-content\/uploads\/2024\/12\/12-18x12.png 18w, https:\/\/lisbonpubliclaw.pt\/wp-content\/uploads\/2024\/12\/12-600x400.png 600w, https:\/\/lisbonpubliclaw.pt\/wp-content\/uploads\/2024\/12\/12.png 1871w\" sizes=\"(max-width: 1024px) 100vw, 1024px\" \/><\/figure>\n<\/figure>","protected":false},"template":"","meta":[],"cluster":[],"grupo-de-investigacao":[],"class_list":["post-7411","noticias","type-noticias","status-publish","hentry"],"yoast_head":"<!-- This site is optimized with the Yoast SEO plugin v27.5 - https:\/\/yoast.com\/product\/yoast-seo-wordpress\/ -->\n<title>Aconteceu | Confer\u00eancia: A Regula\u00e7\u00e3o da Imigra\u00e7\u00e3o - Lisbon Public Law<\/title>\n<meta name=\"robots\" content=\"index, follow, max-snippet:-1, max-image-preview:large, max-video-preview:-1\" \/>\n<link rel=\"canonical\" href=\"https:\/\/lisbonpubliclaw.pt\/en\/noticias\/conferencia-a-regulacao-da-imigracao\/\" \/>\n<meta property=\"og:locale\" content=\"en_US\" \/>\n<meta property=\"og:type\" content=\"article\" \/>\n<meta property=\"og:title\" content=\"Aconteceu | Confer\u00eancia: A Regula\u00e7\u00e3o da Imigra\u00e7\u00e3o - Lisbon Public Law\" \/>\n<meta property=\"og:description\" content=\"Na passada sexta-feira, realizou-se a confer\u00eancia \u201cA Regula\u00e7\u00e3o da Imigra\u00e7\u00e3o\u201d, coordenada pelos investigadores Carlos Blanco de Morais e Ana Rita Gil, no \u00e2mbito do projeto \u201cImigra\u00e7\u00e3o sustent\u00e1vel num Estado Social de Direito\u201d. Durante o evento, especialistas discutiram os desafios e as solu\u00e7\u00f5es para a regula\u00e7\u00e3o da imigra\u00e7\u00e3o, abordando temas como os direitos dos imigrantes, a [&hellip;]\" \/>\n<meta property=\"og:url\" content=\"https:\/\/lisbonpubliclaw.pt\/en\/noticias\/conferencia-a-regulacao-da-imigracao\/\" \/>\n<meta property=\"og:site_name\" content=\"Lisbon Public Law\" \/>\n<meta property=\"article:modified_time\" content=\"2025-07-30T15:24:41+00:00\" \/>\n<meta property=\"og:image\" content=\"https:\/\/lisbonpubliclaw.pt\/wp-content\/uploads\/2024\/12\/1-1024x683.png\" \/>\n\t<meta property=\"og:image:width\" content=\"1024\" \/>\n\t<meta property=\"og:image:height\" content=\"683\" \/>\n\t<meta property=\"og:image:type\" content=\"image\/png\" \/>\n<meta name=\"twitter:card\" content=\"summary_large_image\" \/>\n<meta name=\"twitter:label1\" content=\"Est. reading time\" \/>\n\t<meta name=\"twitter:data1\" content=\"3 minutes\" \/>\n<script type=\"application\/ld+json\" class=\"yoast-schema-graph\">{\"@context\":\"https:\\\/\\\/schema.org\",\"@graph\":[{\"@type\":\"WebPage\",\"@id\":\"https:\\\/\\\/lisbonpubliclaw.pt\\\/noticias\\\/conferencia-a-regulacao-da-imigracao\\\/\",\"url\":\"https:\\\/\\\/lisbonpubliclaw.pt\\\/noticias\\\/conferencia-a-regulacao-da-imigracao\\\/\",\"name\":\"Aconteceu | Confer\u00eancia: A Regula\u00e7\u00e3o da Imigra\u00e7\u00e3o - Lisbon Public Law\",\"isPartOf\":{\"@id\":\"https:\\\/\\\/lisbonpubliclaw.pt\\\/#website\"},\"primaryImageOfPage\":{\"@id\":\"https:\\\/\\\/lisbonpubliclaw.pt\\\/noticias\\\/conferencia-a-regulacao-da-imigracao\\\/#primaryimage\"},\"image\":{\"@id\":\"https:\\\/\\\/lisbonpubliclaw.pt\\\/noticias\\\/conferencia-a-regulacao-da-imigracao\\\/#primaryimage\"},\"thumbnailUrl\":\"https:\\\/\\\/lisbonpubliclaw.pt\\\/wp-content\\\/uploads\\\/2024\\\/12\\\/1-1024x683.png\",\"datePublished\":\"2024-12-11T15:34:40+00:00\",\"dateModified\":\"2025-07-30T15:24:41+00:00\",\"breadcrumb\":{\"@id\":\"https:\\\/\\\/lisbonpubliclaw.pt\\\/noticias\\\/conferencia-a-regulacao-da-imigracao\\\/#breadcrumb\"},\"inLanguage\":\"en-US\",\"potentialAction\":[{\"@type\":\"ReadAction\",\"target\":[\"https:\\\/\\\/lisbonpubliclaw.pt\\\/noticias\\\/conferencia-a-regulacao-da-imigracao\\\/\"]}]},{\"@type\":\"ImageObject\",\"inLanguage\":\"en-US\",\"@id\":\"https:\\\/\\\/lisbonpubliclaw.pt\\\/noticias\\\/conferencia-a-regulacao-da-imigracao\\\/#primaryimage\",\"url\":\"https:\\\/\\\/lisbonpubliclaw.pt\\\/wp-content\\\/uploads\\\/2024\\\/12\\\/1-1024x683.png\",\"contentUrl\":\"https:\\\/\\\/lisbonpubliclaw.pt\\\/wp-content\\\/uploads\\\/2024\\\/12\\\/1-1024x683.png\"},{\"@type\":\"BreadcrumbList\",\"@id\":\"https:\\\/\\\/lisbonpubliclaw.pt\\\/noticias\\\/conferencia-a-regulacao-da-imigracao\\\/#breadcrumb\",\"itemListElement\":[{\"@type\":\"ListItem\",\"position\":1,\"name\":\"Home\",\"item\":\"https:\\\/\\\/lisbonpubliclaw.pt\\\/\"},{\"@type\":\"ListItem\",\"position\":2,\"name\":\"Not\u00edcias\",\"item\":\"https:\\\/\\\/lisbonpubliclaw.pt\\\/noticias\\\/\"},{\"@type\":\"ListItem\",\"position\":3,\"name\":\"Aconteceu | Confer\u00eancia: A Regula\u00e7\u00e3o da Imigra\u00e7\u00e3o\"}]},{\"@type\":\"WebSite\",\"@id\":\"https:\\\/\\\/lisbonpubliclaw.pt\\\/#website\",\"url\":\"https:\\\/\\\/lisbonpubliclaw.pt\\\/\",\"name\":\"Lisbon Public Law\",\"description\":\"Public Law Research Centre in Lisbon\",\"publisher\":{\"@id\":\"https:\\\/\\\/lisbonpubliclaw.pt\\\/#organization\"},\"potentialAction\":[{\"@type\":\"SearchAction\",\"target\":{\"@type\":\"EntryPoint\",\"urlTemplate\":\"https:\\\/\\\/lisbonpubliclaw.pt\\\/?s={search_term_string}\"},\"query-input\":{\"@type\":\"PropertyValueSpecification\",\"valueRequired\":true,\"valueName\":\"search_term_string\"}}],\"inLanguage\":\"en-US\"},{\"@type\":\"Organization\",\"@id\":\"https:\\\/\\\/lisbonpubliclaw.pt\\\/#organization\",\"name\":\"Lisbon Public Law\",\"url\":\"https:\\\/\\\/lisbonpubliclaw.pt\\\/\",\"logo\":{\"@type\":\"ImageObject\",\"inLanguage\":\"en-US\",\"@id\":\"https:\\\/\\\/lisbonpubliclaw.pt\\\/#\\\/schema\\\/logo\\\/image\\\/\",\"url\":\"https:\\\/\\\/lisbonpubliclaw.pt\\\/wp-content\\\/uploads\\\/2023\\\/06\\\/WhatsApp-Image-2023-06-19-at-11.01.50-1.jpeg\",\"contentUrl\":\"https:\\\/\\\/lisbonpubliclaw.pt\\\/wp-content\\\/uploads\\\/2023\\\/06\\\/WhatsApp-Image-2023-06-19-at-11.01.50-1.jpeg\",\"width\":354,\"height\":354,\"caption\":\"Lisbon Public Law\"},\"image\":{\"@id\":\"https:\\\/\\\/lisbonpubliclaw.pt\\\/#\\\/schema\\\/logo\\\/image\\\/\"}}]}<\/script>\n<!-- \/ Yoast SEO plugin. -->","yoast_head_json":{"title":"Aconteceu | Confer\u00eancia: A Regula\u00e7\u00e3o da Imigra\u00e7\u00e3o - Lisbon Public Law","robots":{"index":"index","follow":"follow","max-snippet":"max-snippet:-1","max-image-preview":"max-image-preview:large","max-video-preview":"max-video-preview:-1"},"canonical":"https:\/\/lisbonpubliclaw.pt\/en\/noticias\/conferencia-a-regulacao-da-imigracao\/","og_locale":"en_US","og_type":"article","og_title":"Aconteceu | Confer\u00eancia: A Regula\u00e7\u00e3o da Imigra\u00e7\u00e3o - Lisbon Public Law","og_description":"Na passada sexta-feira, realizou-se a confer\u00eancia \u201cA Regula\u00e7\u00e3o da Imigra\u00e7\u00e3o\u201d, coordenada pelos investigadores Carlos Blanco de Morais e Ana Rita Gil, no \u00e2mbito do projeto \u201cImigra\u00e7\u00e3o sustent\u00e1vel num Estado Social de Direito\u201d. Durante o evento, especialistas discutiram os desafios e as solu\u00e7\u00f5es para a regula\u00e7\u00e3o da imigra\u00e7\u00e3o, abordando temas como os direitos dos imigrantes, a [&hellip;]","og_url":"https:\/\/lisbonpubliclaw.pt\/en\/noticias\/conferencia-a-regulacao-da-imigracao\/","og_site_name":"Lisbon Public Law","article_modified_time":"2025-07-30T15:24:41+00:00","og_image":[{"width":1024,"height":683,"url":"https:\/\/lisbonpubliclaw.pt\/wp-content\/uploads\/2024\/12\/1-1024x683.png","type":"image\/png"}],"twitter_card":"summary_large_image","twitter_misc":{"Est. reading time":"3 minutes"},"schema":{"@context":"https:\/\/schema.org","@graph":[{"@type":"WebPage","@id":"https:\/\/lisbonpubliclaw.pt\/noticias\/conferencia-a-regulacao-da-imigracao\/","url":"https:\/\/lisbonpubliclaw.pt\/noticias\/conferencia-a-regulacao-da-imigracao\/","name":"Aconteceu | Confer\u00eancia: A Regula\u00e7\u00e3o da Imigra\u00e7\u00e3o - Lisbon Public Law","isPartOf":{"@id":"https:\/\/lisbonpubliclaw.pt\/#website"},"primaryImageOfPage":{"@id":"https:\/\/lisbonpubliclaw.pt\/noticias\/conferencia-a-regulacao-da-imigracao\/#primaryimage"},"image":{"@id":"https:\/\/lisbonpubliclaw.pt\/noticias\/conferencia-a-regulacao-da-imigracao\/#primaryimage"},"thumbnailUrl":"https:\/\/lisbonpubliclaw.pt\/wp-content\/uploads\/2024\/12\/1-1024x683.png","datePublished":"2024-12-11T15:34:40+00:00","dateModified":"2025-07-30T15:24:41+00:00","breadcrumb":{"@id":"https:\/\/lisbonpubliclaw.pt\/noticias\/conferencia-a-regulacao-da-imigracao\/#breadcrumb"},"inLanguage":"en-US","potentialAction":[{"@type":"ReadAction","target":["https:\/\/lisbonpubliclaw.pt\/noticias\/conferencia-a-regulacao-da-imigracao\/"]}]},{"@type":"ImageObject","inLanguage":"en-US","@id":"https:\/\/lisbonpubliclaw.pt\/noticias\/conferencia-a-regulacao-da-imigracao\/#primaryimage","url":"https:\/\/lisbonpubliclaw.pt\/wp-content\/uploads\/2024\/12\/1-1024x683.png","contentUrl":"https:\/\/lisbonpubliclaw.pt\/wp-content\/uploads\/2024\/12\/1-1024x683.png"},{"@type":"BreadcrumbList","@id":"https:\/\/lisbonpubliclaw.pt\/noticias\/conferencia-a-regulacao-da-imigracao\/#breadcrumb","itemListElement":[{"@type":"ListItem","position":1,"name":"Home","item":"https:\/\/lisbonpubliclaw.pt\/"},{"@type":"ListItem","position":2,"name":"Not\u00edcias","item":"https:\/\/lisbonpubliclaw.pt\/noticias\/"},{"@type":"ListItem","position":3,"name":"Aconteceu | Confer\u00eancia: A Regula\u00e7\u00e3o da Imigra\u00e7\u00e3o"}]},{"@type":"WebSite","@id":"https:\/\/lisbonpubliclaw.pt\/#website","url":"https:\/\/lisbonpubliclaw.pt\/","name":"Lisbon Public Law","description":"Public Law Research Centre in Lisbon","publisher":{"@id":"https:\/\/lisbonpubliclaw.pt\/#organization"},"potentialAction":[{"@type":"SearchAction","target":{"@type":"EntryPoint","urlTemplate":"https:\/\/lisbonpubliclaw.pt\/?s={search_term_string}"},"query-input":{"@type":"PropertyValueSpecification","valueRequired":true,"valueName":"search_term_string"}}],"inLanguage":"en-US"},{"@type":"Organization","@id":"https:\/\/lisbonpubliclaw.pt\/#organization","name":"Lisbon Public Law","url":"https:\/\/lisbonpubliclaw.pt\/","logo":{"@type":"ImageObject","inLanguage":"en-US","@id":"https:\/\/lisbonpubliclaw.pt\/#\/schema\/logo\/image\/","url":"https:\/\/lisbonpubliclaw.pt\/wp-content\/uploads\/2023\/06\/WhatsApp-Image-2023-06-19-at-11.01.50-1.jpeg","contentUrl":"https:\/\/lisbonpubliclaw.pt\/wp-content\/uploads\/2023\/06\/WhatsApp-Image-2023-06-19-at-11.01.50-1.jpeg","width":354,"height":354,"caption":"Lisbon Public Law"},"image":{"@id":"https:\/\/lisbonpubliclaw.pt\/#\/schema\/logo\/image\/"}}]}},"_links":{"self":[{"href":"https:\/\/lisbonpubliclaw.pt\/en\/wp-json\/wp\/v2\/noticias\/7411","targetHints":{"allow":["GET"]}}],"collection":[{"href":"https:\/\/lisbonpubliclaw.pt\/en\/wp-json\/wp\/v2\/noticias"}],"about":[{"href":"https:\/\/lisbonpubliclaw.pt\/en\/wp-json\/wp\/v2\/types\/noticias"}],"wp:attachment":[{"href":"https:\/\/lisbonpubliclaw.pt\/en\/wp-json\/wp\/v2\/media?parent=7411"}],"wp:term":[{"taxonomy":"cluster","embeddable":true,"href":"https:\/\/lisbonpubliclaw.pt\/en\/wp-json\/wp\/v2\/cluster?post=7411"},{"taxonomy":"grupo-de-investigacao","embeddable":true,"href":"https:\/\/lisbonpubliclaw.pt\/en\/wp-json\/wp\/v2\/grupo-de-investigacao?post=7411"}],"curies":[{"name":"wp","href":"https:\/\/api.w.org\/{rel}","templated":true}]}}