{"id":7161,"date":"2024-11-20T11:02:35","date_gmt":"2024-11-20T11:02:35","guid":{"rendered":"https:\/\/lisbonpubliclaw.pt\/?post_type=noticias&#038;p=7161"},"modified":"2025-07-30T16:04:12","modified_gmt":"2025-07-30T16:04:12","slug":"palestra-rui-tavares-lanceiro","status":"publish","type":"noticias","link":"https:\/\/lisbonpubliclaw.pt\/en\/noticias\/palestra-rui-tavares-lanceiro\/","title":{"rendered":"LPL abroad | Rui Tavares Lanceiro na Faculdade de Direito da Universidade de Val\u00eancia"},"content":{"rendered":"<p>Our researcher Rui tavares Lanceiro delivered a lecture at the Faculty of Law of the University of Valencia on November 18, 2024, addressing the case law of the Portuguese Constitutional Court concerning EU Law.<\/p>\n\n\n\n<p><\/p>","protected":false},"template":"","meta":[],"cluster":[51],"grupo-de-investigacao":[],"class_list":["post-7161","noticias","type-noticias","status-publish","hentry","cluster-observatorio-de-justica-constitucional"],"yoast_head":"<!-- This site is optimized with the Yoast SEO plugin v27.5 - https:\/\/yoast.com\/product\/yoast-seo-wordpress\/ -->\n<title>LPL abroad | Rui Tavares Lanceiro na Faculdade de Direito da Universidade de Val\u00eancia - Lisbon Public Law<\/title>\n<meta name=\"description\" content=\"O nosso investigador Rui Tavares Lanceiro realizou palestra \u00e0 Faculdade de Direito da Universidade de Val\u00eancia a respeito da jurisprud\u00eancia do Tribunal Constitucional portugu\u00eas sobre o Direito da UE, no dia 18 de novembro de 2024.\" \/>\n<meta name=\"robots\" content=\"index, follow, max-snippet:-1, max-image-preview:large, max-video-preview:-1\" \/>\n<link rel=\"canonical\" href=\"https:\/\/lisbonpubliclaw.pt\/en\/noticias\/palestra-rui-tavares-lanceiro\/\" \/>\n<meta property=\"og:locale\" content=\"en_US\" \/>\n<meta property=\"og:type\" content=\"article\" \/>\n<meta property=\"og:title\" content=\"LPL abroad | Rui Tavares Lanceiro na Faculdade de Direito da Universidade de Val\u00eancia - Lisbon Public Law\" \/>\n<meta property=\"og:description\" content=\"O nosso investigador Rui Tavares Lanceiro realizou palestra \u00e0 Faculdade de Direito da Universidade de Val\u00eancia a respeito da jurisprud\u00eancia do Tribunal Constitucional portugu\u00eas sobre o Direito da UE, no dia 18 de novembro de 2024.\" \/>\n<meta property=\"og:url\" content=\"https:\/\/lisbonpubliclaw.pt\/en\/noticias\/palestra-rui-tavares-lanceiro\/\" \/>\n<meta property=\"og:site_name\" content=\"Lisbon Public Law\" \/>\n<meta property=\"article:modified_time\" content=\"2025-07-30T16:04:12+00:00\" \/>\n<meta name=\"twitter:card\" content=\"summary_large_image\" \/>\n<meta name=\"twitter:label1\" content=\"Est. reading time\" \/>\n\t<meta name=\"twitter:data1\" content=\"1 minute\" \/>\n<script type=\"application\/ld+json\" class=\"yoast-schema-graph\">{\"@context\":\"https:\\\/\\\/schema.org\",\"@graph\":[{\"@type\":\"WebPage\",\"@id\":\"https:\\\/\\\/lisbonpubliclaw.pt\\\/noticias\\\/palestra-rui-tavares-lanceiro\\\/\",\"url\":\"https:\\\/\\\/lisbonpubliclaw.pt\\\/noticias\\\/palestra-rui-tavares-lanceiro\\\/\",\"name\":\"LPL abroad | Rui Tavares Lanceiro na Faculdade de Direito da Universidade de Val\u00eancia - Lisbon Public Law\",\"isPartOf\":{\"@id\":\"https:\\\/\\\/lisbonpubliclaw.pt\\\/#website\"},\"datePublished\":\"2024-11-20T11:02:35+00:00\",\"dateModified\":\"2025-07-30T16:04:12+00:00\",\"description\":\"O nosso investigador Rui Tavares Lanceiro realizou palestra \u00e0 Faculdade de Direito da Universidade de Val\u00eancia a respeito da jurisprud\u00eancia do Tribunal Constitucional portugu\u00eas sobre o Direito da UE, no dia 18 de novembro de 2024.\",\"breadcrumb\":{\"@id\":\"https:\\\/\\\/lisbonpubliclaw.pt\\\/noticias\\\/palestra-rui-tavares-lanceiro\\\/#breadcrumb\"},\"inLanguage\":\"en-US\",\"potentialAction\":[{\"@type\":\"ReadAction\",\"target\":[\"https:\\\/\\\/lisbonpubliclaw.pt\\\/noticias\\\/palestra-rui-tavares-lanceiro\\\/\"]}]},{\"@type\":\"BreadcrumbList\",\"@id\":\"https:\\\/\\\/lisbonpubliclaw.pt\\\/noticias\\\/palestra-rui-tavares-lanceiro\\\/#breadcrumb\",\"itemListElement\":[{\"@type\":\"ListItem\",\"position\":1,\"name\":\"Home\",\"item\":\"https:\\\/\\\/lisbonpubliclaw.pt\\\/\"},{\"@type\":\"ListItem\",\"position\":2,\"name\":\"Not\u00edcias\",\"item\":\"https:\\\/\\\/lisbonpubliclaw.pt\\\/noticias\\\/\"},{\"@type\":\"ListItem\",\"position\":3,\"name\":\"LPL abroad | Rui Tavares Lanceiro na Faculdade de Direito da Universidade de Val\u00eancia\"}]},{\"@type\":\"WebSite\",\"@id\":\"https:\\\/\\\/lisbonpubliclaw.pt\\\/#website\",\"url\":\"https:\\\/\\\/lisbonpubliclaw.pt\\\/\",\"name\":\"Lisbon Public Law\",\"description\":\"Public Law Research Centre in Lisbon\",\"publisher\":{\"@id\":\"https:\\\/\\\/lisbonpubliclaw.pt\\\/#organization\"},\"potentialAction\":[{\"@type\":\"SearchAction\",\"target\":{\"@type\":\"EntryPoint\",\"urlTemplate\":\"https:\\\/\\\/lisbonpubliclaw.pt\\\/?s={search_term_string}\"},\"query-input\":{\"@type\":\"PropertyValueSpecification\",\"valueRequired\":true,\"valueName\":\"search_term_string\"}}],\"inLanguage\":\"en-US\"},{\"@type\":\"Organization\",\"@id\":\"https:\\\/\\\/lisbonpubliclaw.pt\\\/#organization\",\"name\":\"Lisbon Public Law\",\"url\":\"https:\\\/\\\/lisbonpubliclaw.pt\\\/\",\"logo\":{\"@type\":\"ImageObject\",\"inLanguage\":\"en-US\",\"@id\":\"https:\\\/\\\/lisbonpubliclaw.pt\\\/#\\\/schema\\\/logo\\\/image\\\/\",\"url\":\"https:\\\/\\\/lisbonpubliclaw.pt\\\/wp-content\\\/uploads\\\/2023\\\/06\\\/WhatsApp-Image-2023-06-19-at-11.01.50-1.jpeg\",\"contentUrl\":\"https:\\\/\\\/lisbonpubliclaw.pt\\\/wp-content\\\/uploads\\\/2023\\\/06\\\/WhatsApp-Image-2023-06-19-at-11.01.50-1.jpeg\",\"width\":354,\"height\":354,\"caption\":\"Lisbon Public Law\"},\"image\":{\"@id\":\"https:\\\/\\\/lisbonpubliclaw.pt\\\/#\\\/schema\\\/logo\\\/image\\\/\"}}]}<\/script>\n<!-- \/ Yoast SEO plugin. -->","yoast_head_json":{"title":"LPL abroad | Rui Tavares Lanceiro na Faculdade de Direito da Universidade de Val\u00eancia - Lisbon Public Law","description":"Our researcher Rui tavares Lanceiro delivered a lecture at the Faculty of Law of the University of Valencia on November 18, 2024, addressing the case law of the Portuguese Constitutional Court concerning EU Law.","robots":{"index":"index","follow":"follow","max-snippet":"max-snippet:-1","max-image-preview":"max-image-preview:large","max-video-preview":"max-video-preview:-1"},"canonical":"https:\/\/lisbonpubliclaw.pt\/en\/noticias\/palestra-rui-tavares-lanceiro\/","og_locale":"en_US","og_type":"article","og_title":"LPL abroad | Rui Tavares Lanceiro na Faculdade de Direito da Universidade de Val\u00eancia - Lisbon Public Law","og_description":"O nosso investigador Rui Tavares Lanceiro realizou palestra \u00e0 Faculdade de Direito da Universidade de Val\u00eancia a respeito da jurisprud\u00eancia do Tribunal Constitucional portugu\u00eas sobre o Direito da UE, no dia 18 de novembro de 2024.","og_url":"https:\/\/lisbonpubliclaw.pt\/en\/noticias\/palestra-rui-tavares-lanceiro\/","og_site_name":"Lisbon Public Law","article_modified_time":"2025-07-30T16:04:12+00:00","twitter_card":"summary_large_image","twitter_misc":{"Est. reading time":"1 minute"},"schema":{"@context":"https:\/\/schema.org","@graph":[{"@type":"WebPage","@id":"https:\/\/lisbonpubliclaw.pt\/noticias\/palestra-rui-tavares-lanceiro\/","url":"https:\/\/lisbonpubliclaw.pt\/noticias\/palestra-rui-tavares-lanceiro\/","name":"LPL abroad | Rui Tavares Lanceiro na Faculdade de Direito da Universidade de Val\u00eancia - Lisbon Public Law","isPartOf":{"@id":"https:\/\/lisbonpubliclaw.pt\/#website"},"datePublished":"2024-11-20T11:02:35+00:00","dateModified":"2025-07-30T16:04:12+00:00","description":"Our researcher Rui tavares Lanceiro delivered a lecture at the Faculty of Law of the University of Valencia on November 18, 2024, addressing the case law of the Portuguese Constitutional Court concerning EU Law.","breadcrumb":{"@id":"https:\/\/lisbonpubliclaw.pt\/noticias\/palestra-rui-tavares-lanceiro\/#breadcrumb"},"inLanguage":"en-US","potentialAction":[{"@type":"ReadAction","target":["https:\/\/lisbonpubliclaw.pt\/noticias\/palestra-rui-tavares-lanceiro\/"]}]},{"@type":"BreadcrumbList","@id":"https:\/\/lisbonpubliclaw.pt\/noticias\/palestra-rui-tavares-lanceiro\/#breadcrumb","itemListElement":[{"@type":"ListItem","position":1,"name":"Home","item":"https:\/\/lisbonpubliclaw.pt\/"},{"@type":"ListItem","position":2,"name":"Not\u00edcias","item":"https:\/\/lisbonpubliclaw.pt\/noticias\/"},{"@type":"ListItem","position":3,"name":"LPL abroad | Rui Tavares Lanceiro na Faculdade de Direito da Universidade de Val\u00eancia"}]},{"@type":"WebSite","@id":"https:\/\/lisbonpubliclaw.pt\/#website","url":"https:\/\/lisbonpubliclaw.pt\/","name":"Lisbon Public Law","description":"Public Law Research Centre in Lisbon","publisher":{"@id":"https:\/\/lisbonpubliclaw.pt\/#organization"},"potentialAction":[{"@type":"SearchAction","target":{"@type":"EntryPoint","urlTemplate":"https:\/\/lisbonpubliclaw.pt\/?s={search_term_string}"},"query-input":{"@type":"PropertyValueSpecification","valueRequired":true,"valueName":"search_term_string"}}],"inLanguage":"en-US"},{"@type":"Organization","@id":"https:\/\/lisbonpubliclaw.pt\/#organization","name":"Lisbon Public Law","url":"https:\/\/lisbonpubliclaw.pt\/","logo":{"@type":"ImageObject","inLanguage":"en-US","@id":"https:\/\/lisbonpubliclaw.pt\/#\/schema\/logo\/image\/","url":"https:\/\/lisbonpubliclaw.pt\/wp-content\/uploads\/2023\/06\/WhatsApp-Image-2023-06-19-at-11.01.50-1.jpeg","contentUrl":"https:\/\/lisbonpubliclaw.pt\/wp-content\/uploads\/2023\/06\/WhatsApp-Image-2023-06-19-at-11.01.50-1.jpeg","width":354,"height":354,"caption":"Lisbon Public Law"},"image":{"@id":"https:\/\/lisbonpubliclaw.pt\/#\/schema\/logo\/image\/"}}]}},"_links":{"self":[{"href":"https:\/\/lisbonpubliclaw.pt\/en\/wp-json\/wp\/v2\/noticias\/7161","targetHints":{"allow":["GET"]}}],"collection":[{"href":"https:\/\/lisbonpubliclaw.pt\/en\/wp-json\/wp\/v2\/noticias"}],"about":[{"href":"https:\/\/lisbonpubliclaw.pt\/en\/wp-json\/wp\/v2\/types\/noticias"}],"wp:attachment":[{"href":"https:\/\/lisbonpubliclaw.pt\/en\/wp-json\/wp\/v2\/media?parent=7161"}],"wp:term":[{"taxonomy":"cluster","embeddable":true,"href":"https:\/\/lisbonpubliclaw.pt\/en\/wp-json\/wp\/v2\/cluster?post=7161"},{"taxonomy":"grupo-de-investigacao","embeddable":true,"href":"https:\/\/lisbonpubliclaw.pt\/en\/wp-json\/wp\/v2\/grupo-de-investigacao?post=7161"}],"curies":[{"name":"wp","href":"https:\/\/api.w.org\/{rel}","templated":true}]}}