{"id":4252,"date":"2023-08-11T15:40:06","date_gmt":"2023-08-11T15:40:06","guid":{"rendered":"https:\/\/lisbonpubliclaw.pt\/?post_type=noticias&#038;p=4252"},"modified":"2023-10-02T15:00:54","modified_gmt":"2023-10-02T15:00:54","slug":"investigadoras-do-lpl-participam-em-conferencia-internacional-na-finlandia","status":"publish","type":"noticias","link":"https:\/\/lisbonpubliclaw.pt\/en\/noticias\/investigadoras-do-lpl-participam-em-conferencia-internacional-na-finlandia\/","title":{"rendered":"LPL researchers participate in international conference in Finland"},"content":{"rendered":"<p>LPL researchers, Helo\u00edsa Oliveira and Margarida Sampaio, participated in the IUCN World Commission on Environmental Law Conference, which took place between July 31st and August 5th at the Law School of the University Eastern Finland, Finland. The researchers shared valuable knowledge on the topics \u201cRemanufacturing the principle of proportionality in environmental law\u201d and \u201cJudicial means to protect future generations\u201d, respectively, boosting the science produced in Portugal and in particular at LPL.<\/p>\n\n\n\n<figure class=\"wp-block-gallery has-nested-images columns-default is-cropped wp-block-gallery-1 is-layout-flex wp-block-gallery-is-layout-flex\">\n<figure class=\"wp-block-image size-large\"><img fetchpriority=\"high\" decoding=\"async\" width=\"1024\" height=\"1024\" data-id=\"4263\" src=\"https:\/\/lisbonpubliclaw.pt\/wp-content\/uploads\/2023\/08\/39-1-1024x1024.png\" alt=\"\" class=\"wp-image-4263\" srcset=\"https:\/\/lisbonpubliclaw.pt\/wp-content\/uploads\/2023\/08\/39-1-1024x1024.png 1024w, https:\/\/lisbonpubliclaw.pt\/wp-content\/uploads\/2023\/08\/39-1-300x300.png 300w, https:\/\/lisbonpubliclaw.pt\/wp-content\/uploads\/2023\/08\/39-1-150x150.png 150w, https:\/\/lisbonpubliclaw.pt\/wp-content\/uploads\/2023\/08\/39-1-768x768.png 768w, https:\/\/lisbonpubliclaw.pt\/wp-content\/uploads\/2023\/08\/39-1-12x12.png 12w, https:\/\/lisbonpubliclaw.pt\/wp-content\/uploads\/2023\/08\/39-1-230x230.png 230w, https:\/\/lisbonpubliclaw.pt\/wp-content\/uploads\/2023\/08\/39-1-400x400.png 400w, https:\/\/lisbonpubliclaw.pt\/wp-content\/uploads\/2023\/08\/39-1-600x600.png 600w, https:\/\/lisbonpubliclaw.pt\/wp-content\/uploads\/2023\/08\/39-1-640x640.png 640w, https:\/\/lisbonpubliclaw.pt\/wp-content\/uploads\/2023\/08\/39-1.png 1080w\" sizes=\"(max-width: 1024px) 100vw, 1024px\" \/><\/figure>\n\n\n\n<figure class=\"wp-block-image size-large\"><img decoding=\"async\" width=\"1024\" height=\"1024\" data-id=\"4264\" src=\"https:\/\/lisbonpubliclaw.pt\/wp-content\/uploads\/2023\/08\/40-1-1024x1024.png\" alt=\"\" class=\"wp-image-4264\" srcset=\"https:\/\/lisbonpubliclaw.pt\/wp-content\/uploads\/2023\/08\/40-1-1024x1024.png 1024w, https:\/\/lisbonpubliclaw.pt\/wp-content\/uploads\/2023\/08\/40-1-300x300.png 300w, https:\/\/lisbonpubliclaw.pt\/wp-content\/uploads\/2023\/08\/40-1-150x150.png 150w, https:\/\/lisbonpubliclaw.pt\/wp-content\/uploads\/2023\/08\/40-1-768x768.png 768w, https:\/\/lisbonpubliclaw.pt\/wp-content\/uploads\/2023\/08\/40-1-12x12.png 12w, https:\/\/lisbonpubliclaw.pt\/wp-content\/uploads\/2023\/08\/40-1-230x230.png 230w, https:\/\/lisbonpubliclaw.pt\/wp-content\/uploads\/2023\/08\/40-1-400x400.png 400w, https:\/\/lisbonpubliclaw.pt\/wp-content\/uploads\/2023\/08\/40-1-600x600.png 600w, https:\/\/lisbonpubliclaw.pt\/wp-content\/uploads\/2023\/08\/40-1-640x640.png 640w, https:\/\/lisbonpubliclaw.pt\/wp-content\/uploads\/2023\/08\/40-1.png 1080w\" sizes=\"(max-width: 1024px) 100vw, 1024px\" \/><\/figure>\n\n\n\n<figure class=\"wp-block-image size-large\"><img decoding=\"async\" width=\"1024\" height=\"1024\" data-id=\"4262\" src=\"https:\/\/lisbonpubliclaw.pt\/wp-content\/uploads\/2023\/08\/41-1-1024x1024.png\" alt=\"\" class=\"wp-image-4262\" srcset=\"https:\/\/lisbonpubliclaw.pt\/wp-content\/uploads\/2023\/08\/41-1-1024x1024.png 1024w, https:\/\/lisbonpubliclaw.pt\/wp-content\/uploads\/2023\/08\/41-1-300x300.png 300w, https:\/\/lisbonpubliclaw.pt\/wp-content\/uploads\/2023\/08\/41-1-150x150.png 150w, https:\/\/lisbonpubliclaw.pt\/wp-content\/uploads\/2023\/08\/41-1-768x768.png 768w, https:\/\/lisbonpubliclaw.pt\/wp-content\/uploads\/2023\/08\/41-1-12x12.png 12w, https:\/\/lisbonpubliclaw.pt\/wp-content\/uploads\/2023\/08\/41-1-230x230.png 230w, https:\/\/lisbonpubliclaw.pt\/wp-content\/uploads\/2023\/08\/41-1-400x400.png 400w, https:\/\/lisbonpubliclaw.pt\/wp-content\/uploads\/2023\/08\/41-1-600x600.png 600w, https:\/\/lisbonpubliclaw.pt\/wp-content\/uploads\/2023\/08\/41-1-640x640.png 640w, https:\/\/lisbonpubliclaw.pt\/wp-content\/uploads\/2023\/08\/41-1.png 1080w\" sizes=\"(max-width: 1024px) 100vw, 1024px\" \/><\/figure>\n<\/figure>","protected":false},"template":"","meta":[],"cluster":[61],"grupo-de-investigacao":[],"class_list":["post-4252","noticias","type-noticias","status-publish","hentry","cluster-lisbon-environmental-law"],"yoast_head":"<!-- This site is optimized with the Yoast SEO plugin v27.5 - https:\/\/yoast.com\/product\/yoast-seo-wordpress\/ -->\n<title>Investigadoras do LPL participam em confer\u00eancia internacional na Finl\u00e2ndia<\/title>\n<meta name=\"description\" content=\"As investigadoras do LPL, Helo\u00edsa Oliveira e Margarida Sampaio, participaram na Confer\u00eancia IUCN World Commission on Environmental Law.\" \/>\n<meta name=\"robots\" content=\"index, follow, max-snippet:-1, max-image-preview:large, max-video-preview:-1\" \/>\n<link rel=\"canonical\" href=\"https:\/\/lisbonpubliclaw.pt\/en\/noticias\/investigadoras-do-lpl-participam-em-conferencia-internacional-na-finlandia\/\" \/>\n<meta property=\"og:locale\" content=\"en_US\" \/>\n<meta property=\"og:type\" content=\"article\" \/>\n<meta property=\"og:title\" content=\"Investigadoras do LPL participam em confer\u00eancia internacional na Finl\u00e2ndia\" \/>\n<meta property=\"og:description\" content=\"As investigadoras do LPL, Helo\u00edsa Oliveira e Margarida Sampaio, participaram na Confer\u00eancia IUCN World Commission on Environmental Law.\" \/>\n<meta property=\"og:url\" content=\"https:\/\/lisbonpubliclaw.pt\/en\/noticias\/investigadoras-do-lpl-participam-em-conferencia-internacional-na-finlandia\/\" \/>\n<meta property=\"og:site_name\" content=\"Lisbon Public Law\" \/>\n<meta property=\"article:modified_time\" content=\"2023-10-02T15:00:54+00:00\" \/>\n<meta property=\"og:image\" content=\"https:\/\/lisbonpubliclaw.pt\/wp-content\/uploads\/2023\/08\/39-1-1024x1024.png\" \/>\n<meta name=\"twitter:card\" content=\"summary_large_image\" \/>\n<meta name=\"twitter:label1\" content=\"Est. reading time\" \/>\n\t<meta name=\"twitter:data1\" content=\"2 minutes\" \/>\n<script type=\"application\/ld+json\" class=\"yoast-schema-graph\">{\"@context\":\"https:\\\/\\\/schema.org\",\"@graph\":[{\"@type\":\"WebPage\",\"@id\":\"https:\\\/\\\/lisbonpubliclaw.pt\\\/noticias\\\/investigadoras-do-lpl-participam-em-conferencia-internacional-na-finlandia\\\/\",\"url\":\"https:\\\/\\\/lisbonpubliclaw.pt\\\/noticias\\\/investigadoras-do-lpl-participam-em-conferencia-internacional-na-finlandia\\\/\",\"name\":\"Investigadoras do LPL participam em confer\u00eancia internacional na Finl\u00e2ndia\",\"isPartOf\":{\"@id\":\"https:\\\/\\\/lisbonpubliclaw.pt\\\/#website\"},\"primaryImageOfPage\":{\"@id\":\"https:\\\/\\\/lisbonpubliclaw.pt\\\/noticias\\\/investigadoras-do-lpl-participam-em-conferencia-internacional-na-finlandia\\\/#primaryimage\"},\"image\":{\"@id\":\"https:\\\/\\\/lisbonpubliclaw.pt\\\/noticias\\\/investigadoras-do-lpl-participam-em-conferencia-internacional-na-finlandia\\\/#primaryimage\"},\"thumbnailUrl\":\"https:\\\/\\\/lisbonpubliclaw.pt\\\/wp-content\\\/uploads\\\/2023\\\/08\\\/39-1-1024x1024.png\",\"datePublished\":\"2023-08-11T15:40:06+00:00\",\"dateModified\":\"2023-10-02T15:00:54+00:00\",\"description\":\"As investigadoras do LPL, Helo\u00edsa Oliveira e Margarida Sampaio, participaram na Confer\u00eancia IUCN World Commission on Environmental Law.\",\"breadcrumb\":{\"@id\":\"https:\\\/\\\/lisbonpubliclaw.pt\\\/noticias\\\/investigadoras-do-lpl-participam-em-conferencia-internacional-na-finlandia\\\/#breadcrumb\"},\"inLanguage\":\"en-US\",\"potentialAction\":[{\"@type\":\"ReadAction\",\"target\":[\"https:\\\/\\\/lisbonpubliclaw.pt\\\/noticias\\\/investigadoras-do-lpl-participam-em-conferencia-internacional-na-finlandia\\\/\"]}]},{\"@type\":\"ImageObject\",\"inLanguage\":\"en-US\",\"@id\":\"https:\\\/\\\/lisbonpubliclaw.pt\\\/noticias\\\/investigadoras-do-lpl-participam-em-conferencia-internacional-na-finlandia\\\/#primaryimage\",\"url\":\"https:\\\/\\\/lisbonpubliclaw.pt\\\/wp-content\\\/uploads\\\/2023\\\/08\\\/39-1-1024x1024.png\",\"contentUrl\":\"https:\\\/\\\/lisbonpubliclaw.pt\\\/wp-content\\\/uploads\\\/2023\\\/08\\\/39-1-1024x1024.png\"},{\"@type\":\"BreadcrumbList\",\"@id\":\"https:\\\/\\\/lisbonpubliclaw.pt\\\/noticias\\\/investigadoras-do-lpl-participam-em-conferencia-internacional-na-finlandia\\\/#breadcrumb\",\"itemListElement\":[{\"@type\":\"ListItem\",\"position\":1,\"name\":\"Home\",\"item\":\"https:\\\/\\\/lisbonpubliclaw.pt\\\/\"},{\"@type\":\"ListItem\",\"position\":2,\"name\":\"Not\u00edcias\",\"item\":\"https:\\\/\\\/lisbonpubliclaw.pt\\\/noticias\\\/\"},{\"@type\":\"ListItem\",\"position\":3,\"name\":\"Investigadoras do LPL participam em confer\u00eancia internacional na Finl\u00e2ndia\"}]},{\"@type\":\"WebSite\",\"@id\":\"https:\\\/\\\/lisbonpubliclaw.pt\\\/#website\",\"url\":\"https:\\\/\\\/lisbonpubliclaw.pt\\\/\",\"name\":\"Lisbon Public Law\",\"description\":\"Public Law Research Centre in Lisbon\",\"publisher\":{\"@id\":\"https:\\\/\\\/lisbonpubliclaw.pt\\\/#organization\"},\"potentialAction\":[{\"@type\":\"SearchAction\",\"target\":{\"@type\":\"EntryPoint\",\"urlTemplate\":\"https:\\\/\\\/lisbonpubliclaw.pt\\\/?s={search_term_string}\"},\"query-input\":{\"@type\":\"PropertyValueSpecification\",\"valueRequired\":true,\"valueName\":\"search_term_string\"}}],\"inLanguage\":\"en-US\"},{\"@type\":\"Organization\",\"@id\":\"https:\\\/\\\/lisbonpubliclaw.pt\\\/#organization\",\"name\":\"Lisbon Public Law\",\"url\":\"https:\\\/\\\/lisbonpubliclaw.pt\\\/\",\"logo\":{\"@type\":\"ImageObject\",\"inLanguage\":\"en-US\",\"@id\":\"https:\\\/\\\/lisbonpubliclaw.pt\\\/#\\\/schema\\\/logo\\\/image\\\/\",\"url\":\"https:\\\/\\\/lisbonpubliclaw.pt\\\/wp-content\\\/uploads\\\/2023\\\/06\\\/WhatsApp-Image-2023-06-19-at-11.01.50-1.jpeg\",\"contentUrl\":\"https:\\\/\\\/lisbonpubliclaw.pt\\\/wp-content\\\/uploads\\\/2023\\\/06\\\/WhatsApp-Image-2023-06-19-at-11.01.50-1.jpeg\",\"width\":354,\"height\":354,\"caption\":\"Lisbon Public Law\"},\"image\":{\"@id\":\"https:\\\/\\\/lisbonpubliclaw.pt\\\/#\\\/schema\\\/logo\\\/image\\\/\"}}]}<\/script>\n<!-- \/ Yoast SEO plugin. -->","yoast_head_json":{"title":"LPL researchers participate in international conference in Finland","description":"As investigadoras do LPL, Helo\u00edsa Oliveira e Margarida Sampaio, participaram na Confer\u00eancia IUCN World Commission on Environmental Law.","robots":{"index":"index","follow":"follow","max-snippet":"max-snippet:-1","max-image-preview":"max-image-preview:large","max-video-preview":"max-video-preview:-1"},"canonical":"https:\/\/lisbonpubliclaw.pt\/en\/noticias\/investigadoras-do-lpl-participam-em-conferencia-internacional-na-finlandia\/","og_locale":"en_US","og_type":"article","og_title":"Investigadoras do LPL participam em confer\u00eancia internacional na Finl\u00e2ndia","og_description":"As investigadoras do LPL, Helo\u00edsa Oliveira e Margarida Sampaio, participaram na Confer\u00eancia IUCN World Commission on Environmental Law.","og_url":"https:\/\/lisbonpubliclaw.pt\/en\/noticias\/investigadoras-do-lpl-participam-em-conferencia-internacional-na-finlandia\/","og_site_name":"Lisbon Public Law","article_modified_time":"2023-10-02T15:00:54+00:00","og_image":[{"url":"https:\/\/lisbonpubliclaw.pt\/wp-content\/uploads\/2023\/08\/39-1-1024x1024.png","type":"","width":"","height":""}],"twitter_card":"summary_large_image","twitter_misc":{"Est. reading time":"2 minutes"},"schema":{"@context":"https:\/\/schema.org","@graph":[{"@type":"WebPage","@id":"https:\/\/lisbonpubliclaw.pt\/noticias\/investigadoras-do-lpl-participam-em-conferencia-internacional-na-finlandia\/","url":"https:\/\/lisbonpubliclaw.pt\/noticias\/investigadoras-do-lpl-participam-em-conferencia-internacional-na-finlandia\/","name":"LPL researchers participate in international conference in Finland","isPartOf":{"@id":"https:\/\/lisbonpubliclaw.pt\/#website"},"primaryImageOfPage":{"@id":"https:\/\/lisbonpubliclaw.pt\/noticias\/investigadoras-do-lpl-participam-em-conferencia-internacional-na-finlandia\/#primaryimage"},"image":{"@id":"https:\/\/lisbonpubliclaw.pt\/noticias\/investigadoras-do-lpl-participam-em-conferencia-internacional-na-finlandia\/#primaryimage"},"thumbnailUrl":"https:\/\/lisbonpubliclaw.pt\/wp-content\/uploads\/2023\/08\/39-1-1024x1024.png","datePublished":"2023-08-11T15:40:06+00:00","dateModified":"2023-10-02T15:00:54+00:00","description":"As investigadoras do LPL, Helo\u00edsa Oliveira e Margarida Sampaio, participaram na Confer\u00eancia IUCN World Commission on Environmental Law.","breadcrumb":{"@id":"https:\/\/lisbonpubliclaw.pt\/noticias\/investigadoras-do-lpl-participam-em-conferencia-internacional-na-finlandia\/#breadcrumb"},"inLanguage":"en-US","potentialAction":[{"@type":"ReadAction","target":["https:\/\/lisbonpubliclaw.pt\/noticias\/investigadoras-do-lpl-participam-em-conferencia-internacional-na-finlandia\/"]}]},{"@type":"ImageObject","inLanguage":"en-US","@id":"https:\/\/lisbonpubliclaw.pt\/noticias\/investigadoras-do-lpl-participam-em-conferencia-internacional-na-finlandia\/#primaryimage","url":"https:\/\/lisbonpubliclaw.pt\/wp-content\/uploads\/2023\/08\/39-1-1024x1024.png","contentUrl":"https:\/\/lisbonpubliclaw.pt\/wp-content\/uploads\/2023\/08\/39-1-1024x1024.png"},{"@type":"BreadcrumbList","@id":"https:\/\/lisbonpubliclaw.pt\/noticias\/investigadoras-do-lpl-participam-em-conferencia-internacional-na-finlandia\/#breadcrumb","itemListElement":[{"@type":"ListItem","position":1,"name":"Home","item":"https:\/\/lisbonpubliclaw.pt\/"},{"@type":"ListItem","position":2,"name":"Not\u00edcias","item":"https:\/\/lisbonpubliclaw.pt\/noticias\/"},{"@type":"ListItem","position":3,"name":"Investigadoras do LPL participam em confer\u00eancia internacional na Finl\u00e2ndia"}]},{"@type":"WebSite","@id":"https:\/\/lisbonpubliclaw.pt\/#website","url":"https:\/\/lisbonpubliclaw.pt\/","name":"Lisbon Public Law","description":"Public Law Research Centre in Lisbon","publisher":{"@id":"https:\/\/lisbonpubliclaw.pt\/#organization"},"potentialAction":[{"@type":"SearchAction","target":{"@type":"EntryPoint","urlTemplate":"https:\/\/lisbonpubliclaw.pt\/?s={search_term_string}"},"query-input":{"@type":"PropertyValueSpecification","valueRequired":true,"valueName":"search_term_string"}}],"inLanguage":"en-US"},{"@type":"Organization","@id":"https:\/\/lisbonpubliclaw.pt\/#organization","name":"Lisbon Public Law","url":"https:\/\/lisbonpubliclaw.pt\/","logo":{"@type":"ImageObject","inLanguage":"en-US","@id":"https:\/\/lisbonpubliclaw.pt\/#\/schema\/logo\/image\/","url":"https:\/\/lisbonpubliclaw.pt\/wp-content\/uploads\/2023\/06\/WhatsApp-Image-2023-06-19-at-11.01.50-1.jpeg","contentUrl":"https:\/\/lisbonpubliclaw.pt\/wp-content\/uploads\/2023\/06\/WhatsApp-Image-2023-06-19-at-11.01.50-1.jpeg","width":354,"height":354,"caption":"Lisbon Public Law"},"image":{"@id":"https:\/\/lisbonpubliclaw.pt\/#\/schema\/logo\/image\/"}}]}},"_links":{"self":[{"href":"https:\/\/lisbonpubliclaw.pt\/en\/wp-json\/wp\/v2\/noticias\/4252","targetHints":{"allow":["GET"]}}],"collection":[{"href":"https:\/\/lisbonpubliclaw.pt\/en\/wp-json\/wp\/v2\/noticias"}],"about":[{"href":"https:\/\/lisbonpubliclaw.pt\/en\/wp-json\/wp\/v2\/types\/noticias"}],"wp:attachment":[{"href":"https:\/\/lisbonpubliclaw.pt\/en\/wp-json\/wp\/v2\/media?parent=4252"}],"wp:term":[{"taxonomy":"cluster","embeddable":true,"href":"https:\/\/lisbonpubliclaw.pt\/en\/wp-json\/wp\/v2\/cluster?post=4252"},{"taxonomy":"grupo-de-investigacao","embeddable":true,"href":"https:\/\/lisbonpubliclaw.pt\/en\/wp-json\/wp\/v2\/grupo-de-investigacao?post=4252"}],"curies":[{"name":"wp","href":"https:\/\/api.w.org\/{rel}","templated":true}]}}