{"id":10940,"date":"2025-10-02T18:01:57","date_gmt":"2025-10-02T18:01:57","guid":{"rendered":"https:\/\/lisbonpubliclaw.pt\/?post_type=noticias&#038;p=10940"},"modified":"2025-10-03T09:08:46","modified_gmt":"2025-10-03T09:08:46","slug":"lpl-abroad-7th-general-illa-conference","status":"publish","type":"noticias","link":"https:\/\/lisbonpubliclaw.pt\/en\/noticias\/lpl-abroad-7th-general-illa-conference\/","title":{"rendered":"LPL abroad | 7th General ILLA Conference"},"content":{"rendered":"<p>The LLT\/LPL researcher, Pedro Moniz Lopes, took part in early September in the 7th General ILLA Conference \"Language and Law in an Age of Uncertainty and Transition\", held in Lithuania.<\/p>\n\n\n\n<p>In his presentation, he introduced his most recent work: \u201cA linguistic account of action specificity: A stepping stone for legal theory and legisprudence\u201d.<\/p>\n\n\n\n<figure class=\"wp-block-image size-large\"><img fetchpriority=\"high\" decoding=\"async\" width=\"819\" height=\"1024\" src=\"https:\/\/lisbonpubliclaw.pt\/wp-content\/uploads\/2025\/10\/161-819x1024.png\" alt=\"\" class=\"wp-image-10942\" srcset=\"https:\/\/lisbonpubliclaw.pt\/wp-content\/uploads\/2025\/10\/161-819x1024.png 819w, https:\/\/lisbonpubliclaw.pt\/wp-content\/uploads\/2025\/10\/161-240x300.png 240w, https:\/\/lisbonpubliclaw.pt\/wp-content\/uploads\/2025\/10\/161-768x960.png 768w, https:\/\/lisbonpubliclaw.pt\/wp-content\/uploads\/2025\/10\/161-10x12.png 10w, https:\/\/lisbonpubliclaw.pt\/wp-content\/uploads\/2025\/10\/161-600x750.png 600w, https:\/\/lisbonpubliclaw.pt\/wp-content\/uploads\/2025\/10\/161.png 1080w\" sizes=\"(max-width: 819px) 100vw, 819px\" \/><\/figure>","protected":false},"template":"","meta":[],"cluster":[34],"grupo-de-investigacao":[],"class_list":["post-10940","noticias","type-noticias","status-publish","hentry","cluster-lisbon-legal-theory"],"yoast_head":"<!-- This site is optimized with the Yoast SEO plugin v27.5 - https:\/\/yoast.com\/product\/yoast-seo-wordpress\/ -->\n<title>LPL abroad | 7th General ILLA Conference - Lisbon Public Law<\/title>\n<meta name=\"robots\" content=\"index, follow, max-snippet:-1, max-image-preview:large, max-video-preview:-1\" \/>\n<link rel=\"canonical\" href=\"https:\/\/lisbonpubliclaw.pt\/en\/noticias\/lpl-abroad-7th-general-illa-conference\/\" \/>\n<meta property=\"og:locale\" content=\"en_US\" \/>\n<meta property=\"og:type\" content=\"article\" \/>\n<meta property=\"og:title\" content=\"LPL abroad | 7th General ILLA Conference - Lisbon Public Law\" \/>\n<meta property=\"og:description\" content=\"O investigador do LLT\/LPL, Pedro Moniz Lopes, participou, no in\u00edcio de setembro, na 7.\u00aa Confer\u00eancia Internacional da ILLA, intitulada \u201cLanguage and Law in an Age of Uncertainty and Transition\u201d, realizada na Litu\u00e2nia. Na sua interven\u00e7\u00e3o, apresentou o seu trabalho mais recente: \u201cA linguistic account of action specificity: A stepping stone for legal theory and legisprudence\u201d.\" \/>\n<meta property=\"og:url\" content=\"https:\/\/lisbonpubliclaw.pt\/en\/noticias\/lpl-abroad-7th-general-illa-conference\/\" \/>\n<meta property=\"og:site_name\" content=\"Lisbon Public Law\" \/>\n<meta property=\"article:modified_time\" content=\"2025-10-03T09:08:46+00:00\" \/>\n<meta property=\"og:image\" content=\"https:\/\/lisbonpubliclaw.pt\/wp-content\/uploads\/2025\/10\/161.png\" \/>\n\t<meta property=\"og:image:width\" content=\"1080\" \/>\n\t<meta property=\"og:image:height\" content=\"1350\" \/>\n\t<meta property=\"og:image:type\" content=\"image\/png\" \/>\n<meta name=\"twitter:card\" content=\"summary_large_image\" \/>\n<meta name=\"twitter:label1\" content=\"Est. reading time\" \/>\n\t<meta name=\"twitter:data1\" content=\"1 minute\" \/>\n<script type=\"application\/ld+json\" class=\"yoast-schema-graph\">{\"@context\":\"https:\\\/\\\/schema.org\",\"@graph\":[{\"@type\":\"WebPage\",\"@id\":\"https:\\\/\\\/lisbonpubliclaw.pt\\\/noticias\\\/lpl-abroad-7th-general-illa-conference\\\/\",\"url\":\"https:\\\/\\\/lisbonpubliclaw.pt\\\/noticias\\\/lpl-abroad-7th-general-illa-conference\\\/\",\"name\":\"LPL abroad | 7th General ILLA Conference - Lisbon Public Law\",\"isPartOf\":{\"@id\":\"https:\\\/\\\/lisbonpubliclaw.pt\\\/#website\"},\"primaryImageOfPage\":{\"@id\":\"https:\\\/\\\/lisbonpubliclaw.pt\\\/noticias\\\/lpl-abroad-7th-general-illa-conference\\\/#primaryimage\"},\"image\":{\"@id\":\"https:\\\/\\\/lisbonpubliclaw.pt\\\/noticias\\\/lpl-abroad-7th-general-illa-conference\\\/#primaryimage\"},\"thumbnailUrl\":\"https:\\\/\\\/lisbonpubliclaw.pt\\\/wp-content\\\/uploads\\\/2025\\\/10\\\/161-819x1024.png\",\"datePublished\":\"2025-10-02T18:01:57+00:00\",\"dateModified\":\"2025-10-03T09:08:46+00:00\",\"breadcrumb\":{\"@id\":\"https:\\\/\\\/lisbonpubliclaw.pt\\\/noticias\\\/lpl-abroad-7th-general-illa-conference\\\/#breadcrumb\"},\"inLanguage\":\"en-US\",\"potentialAction\":[{\"@type\":\"ReadAction\",\"target\":[\"https:\\\/\\\/lisbonpubliclaw.pt\\\/noticias\\\/lpl-abroad-7th-general-illa-conference\\\/\"]}]},{\"@type\":\"ImageObject\",\"inLanguage\":\"en-US\",\"@id\":\"https:\\\/\\\/lisbonpubliclaw.pt\\\/noticias\\\/lpl-abroad-7th-general-illa-conference\\\/#primaryimage\",\"url\":\"https:\\\/\\\/lisbonpubliclaw.pt\\\/wp-content\\\/uploads\\\/2025\\\/10\\\/161-819x1024.png\",\"contentUrl\":\"https:\\\/\\\/lisbonpubliclaw.pt\\\/wp-content\\\/uploads\\\/2025\\\/10\\\/161-819x1024.png\"},{\"@type\":\"BreadcrumbList\",\"@id\":\"https:\\\/\\\/lisbonpubliclaw.pt\\\/noticias\\\/lpl-abroad-7th-general-illa-conference\\\/#breadcrumb\",\"itemListElement\":[{\"@type\":\"ListItem\",\"position\":1,\"name\":\"Home\",\"item\":\"https:\\\/\\\/lisbonpubliclaw.pt\\\/\"},{\"@type\":\"ListItem\",\"position\":2,\"name\":\"Not\u00edcias\",\"item\":\"https:\\\/\\\/lisbonpubliclaw.pt\\\/noticias\\\/\"},{\"@type\":\"ListItem\",\"position\":3,\"name\":\"LPL abroad | 7th General ILLA Conference\"}]},{\"@type\":\"WebSite\",\"@id\":\"https:\\\/\\\/lisbonpubliclaw.pt\\\/#website\",\"url\":\"https:\\\/\\\/lisbonpubliclaw.pt\\\/\",\"name\":\"Lisbon Public Law\",\"description\":\"Public Law Research Centre in Lisbon\",\"publisher\":{\"@id\":\"https:\\\/\\\/lisbonpubliclaw.pt\\\/#organization\"},\"potentialAction\":[{\"@type\":\"SearchAction\",\"target\":{\"@type\":\"EntryPoint\",\"urlTemplate\":\"https:\\\/\\\/lisbonpubliclaw.pt\\\/?s={search_term_string}\"},\"query-input\":{\"@type\":\"PropertyValueSpecification\",\"valueRequired\":true,\"valueName\":\"search_term_string\"}}],\"inLanguage\":\"en-US\"},{\"@type\":\"Organization\",\"@id\":\"https:\\\/\\\/lisbonpubliclaw.pt\\\/#organization\",\"name\":\"Lisbon Public Law\",\"url\":\"https:\\\/\\\/lisbonpubliclaw.pt\\\/\",\"logo\":{\"@type\":\"ImageObject\",\"inLanguage\":\"en-US\",\"@id\":\"https:\\\/\\\/lisbonpubliclaw.pt\\\/#\\\/schema\\\/logo\\\/image\\\/\",\"url\":\"https:\\\/\\\/lisbonpubliclaw.pt\\\/wp-content\\\/uploads\\\/2023\\\/06\\\/WhatsApp-Image-2023-06-19-at-11.01.50-1.jpeg\",\"contentUrl\":\"https:\\\/\\\/lisbonpubliclaw.pt\\\/wp-content\\\/uploads\\\/2023\\\/06\\\/WhatsApp-Image-2023-06-19-at-11.01.50-1.jpeg\",\"width\":354,\"height\":354,\"caption\":\"Lisbon Public Law\"},\"image\":{\"@id\":\"https:\\\/\\\/lisbonpubliclaw.pt\\\/#\\\/schema\\\/logo\\\/image\\\/\"}}]}<\/script>\n<!-- \/ Yoast SEO plugin. -->","yoast_head_json":{"title":"LPL abroad | 7th General ILLA Conference - Lisbon Public Law","robots":{"index":"index","follow":"follow","max-snippet":"max-snippet:-1","max-image-preview":"max-image-preview:large","max-video-preview":"max-video-preview:-1"},"canonical":"https:\/\/lisbonpubliclaw.pt\/en\/noticias\/lpl-abroad-7th-general-illa-conference\/","og_locale":"en_US","og_type":"article","og_title":"LPL abroad | 7th General ILLA Conference - Lisbon Public Law","og_description":"O investigador do LLT\/LPL, Pedro Moniz Lopes, participou, no in\u00edcio de setembro, na 7.\u00aa Confer\u00eancia Internacional da ILLA, intitulada \u201cLanguage and Law in an Age of Uncertainty and Transition\u201d, realizada na Litu\u00e2nia. Na sua interven\u00e7\u00e3o, apresentou o seu trabalho mais recente: \u201cA linguistic account of action specificity: A stepping stone for legal theory and legisprudence\u201d.","og_url":"https:\/\/lisbonpubliclaw.pt\/en\/noticias\/lpl-abroad-7th-general-illa-conference\/","og_site_name":"Lisbon Public Law","article_modified_time":"2025-10-03T09:08:46+00:00","og_image":[{"width":1080,"height":1350,"url":"https:\/\/lisbonpubliclaw.pt\/wp-content\/uploads\/2025\/10\/161.png","type":"image\/png"}],"twitter_card":"summary_large_image","twitter_misc":{"Est. reading time":"1 minute"},"schema":{"@context":"https:\/\/schema.org","@graph":[{"@type":"WebPage","@id":"https:\/\/lisbonpubliclaw.pt\/noticias\/lpl-abroad-7th-general-illa-conference\/","url":"https:\/\/lisbonpubliclaw.pt\/noticias\/lpl-abroad-7th-general-illa-conference\/","name":"LPL abroad | 7th General ILLA Conference - Lisbon Public Law","isPartOf":{"@id":"https:\/\/lisbonpubliclaw.pt\/#website"},"primaryImageOfPage":{"@id":"https:\/\/lisbonpubliclaw.pt\/noticias\/lpl-abroad-7th-general-illa-conference\/#primaryimage"},"image":{"@id":"https:\/\/lisbonpubliclaw.pt\/noticias\/lpl-abroad-7th-general-illa-conference\/#primaryimage"},"thumbnailUrl":"https:\/\/lisbonpubliclaw.pt\/wp-content\/uploads\/2025\/10\/161-819x1024.png","datePublished":"2025-10-02T18:01:57+00:00","dateModified":"2025-10-03T09:08:46+00:00","breadcrumb":{"@id":"https:\/\/lisbonpubliclaw.pt\/noticias\/lpl-abroad-7th-general-illa-conference\/#breadcrumb"},"inLanguage":"en-US","potentialAction":[{"@type":"ReadAction","target":["https:\/\/lisbonpubliclaw.pt\/noticias\/lpl-abroad-7th-general-illa-conference\/"]}]},{"@type":"ImageObject","inLanguage":"en-US","@id":"https:\/\/lisbonpubliclaw.pt\/noticias\/lpl-abroad-7th-general-illa-conference\/#primaryimage","url":"https:\/\/lisbonpubliclaw.pt\/wp-content\/uploads\/2025\/10\/161-819x1024.png","contentUrl":"https:\/\/lisbonpubliclaw.pt\/wp-content\/uploads\/2025\/10\/161-819x1024.png"},{"@type":"BreadcrumbList","@id":"https:\/\/lisbonpubliclaw.pt\/noticias\/lpl-abroad-7th-general-illa-conference\/#breadcrumb","itemListElement":[{"@type":"ListItem","position":1,"name":"Home","item":"https:\/\/lisbonpubliclaw.pt\/"},{"@type":"ListItem","position":2,"name":"Not\u00edcias","item":"https:\/\/lisbonpubliclaw.pt\/noticias\/"},{"@type":"ListItem","position":3,"name":"LPL abroad | 7th General ILLA Conference"}]},{"@type":"WebSite","@id":"https:\/\/lisbonpubliclaw.pt\/#website","url":"https:\/\/lisbonpubliclaw.pt\/","name":"Lisbon Public Law","description":"Public Law Research Centre in Lisbon","publisher":{"@id":"https:\/\/lisbonpubliclaw.pt\/#organization"},"potentialAction":[{"@type":"SearchAction","target":{"@type":"EntryPoint","urlTemplate":"https:\/\/lisbonpubliclaw.pt\/?s={search_term_string}"},"query-input":{"@type":"PropertyValueSpecification","valueRequired":true,"valueName":"search_term_string"}}],"inLanguage":"en-US"},{"@type":"Organization","@id":"https:\/\/lisbonpubliclaw.pt\/#organization","name":"Lisbon Public Law","url":"https:\/\/lisbonpubliclaw.pt\/","logo":{"@type":"ImageObject","inLanguage":"en-US","@id":"https:\/\/lisbonpubliclaw.pt\/#\/schema\/logo\/image\/","url":"https:\/\/lisbonpubliclaw.pt\/wp-content\/uploads\/2023\/06\/WhatsApp-Image-2023-06-19-at-11.01.50-1.jpeg","contentUrl":"https:\/\/lisbonpubliclaw.pt\/wp-content\/uploads\/2023\/06\/WhatsApp-Image-2023-06-19-at-11.01.50-1.jpeg","width":354,"height":354,"caption":"Lisbon Public Law"},"image":{"@id":"https:\/\/lisbonpubliclaw.pt\/#\/schema\/logo\/image\/"}}]}},"_links":{"self":[{"href":"https:\/\/lisbonpubliclaw.pt\/en\/wp-json\/wp\/v2\/noticias\/10940","targetHints":{"allow":["GET"]}}],"collection":[{"href":"https:\/\/lisbonpubliclaw.pt\/en\/wp-json\/wp\/v2\/noticias"}],"about":[{"href":"https:\/\/lisbonpubliclaw.pt\/en\/wp-json\/wp\/v2\/types\/noticias"}],"wp:attachment":[{"href":"https:\/\/lisbonpubliclaw.pt\/en\/wp-json\/wp\/v2\/media?parent=10940"}],"wp:term":[{"taxonomy":"cluster","embeddable":true,"href":"https:\/\/lisbonpubliclaw.pt\/en\/wp-json\/wp\/v2\/cluster?post=10940"},{"taxonomy":"grupo-de-investigacao","embeddable":true,"href":"https:\/\/lisbonpubliclaw.pt\/en\/wp-json\/wp\/v2\/grupo-de-investigacao?post=10940"}],"curies":[{"name":"wp","href":"https:\/\/api.w.org\/{rel}","templated":true}]}}