{"id":10895,"date":"2025-09-03T13:18:14","date_gmt":"2025-09-03T13:18:14","guid":{"rendered":"https:\/\/lisbonpubliclaw.pt\/?post_type=noticias&#038;p=10895"},"modified":"2025-09-03T13:46:11","modified_gmt":"2025-09-03T13:46:11","slug":"novas-bases-de-dados-do-lisbon-environmental-law","status":"publish","type":"noticias","link":"https:\/\/lisbonpubliclaw.pt\/en\/noticias\/novas-bases-de-dados-do-lisbon-environmental-law\/","title":{"rendered":"New Lisbon Environmental Law Databases"},"content":{"rendered":"<p>Reaffirming its commitment to open science, Lisbon Environmental Law (LEL) at the Lisbon Public Law Research Centre today launches <a href=\"https:\/\/lisbonpubliclaw.pt\/en\/lisbon-environmental-law\/data-bases\/\"><strong>an open platform of Environmental Law databases.<\/strong>. <\/a><\/p>\n\n\n\n<p>These resources underpin legal research, strengthen verifiability and replicability, and have the potential to optimise and enhance the work of researchers, judges and legal practitioners, policymakers, specialised journalists, and students.<\/p>\n\n\n\n<div style=\"height:50px\" aria-hidden=\"true\" class=\"wp-block-spacer\"><\/div>\n\n\n\n<hr class=\"wp-block-separator has-alpha-channel-opacity\"\/>\n\n\n\n<div style=\"height:50px\" aria-hidden=\"true\" class=\"wp-block-spacer\"><\/div>\n\n\n<div class=\"wp-block-image\">\n<figure class=\"alignleft is-resized\"><a href=\"https:\/\/lpl-lisbonenvironmentallaw-databases.notion.site\/cjeuccd\" target=\"_blank\" rel=\" noreferrer noopener\"><img fetchpriority=\"high\" decoding=\"async\" width=\"1024\" height=\"576\" src=\"https:\/\/lisbonpubliclaw.pt\/wp-content\/uploads\/2025\/05\/1_CJEU-Climate-Cases-Database-1024x576.jpg\" alt=\"\" class=\"wp-image-10476\" style=\"width:400px\" srcset=\"https:\/\/lisbonpubliclaw.pt\/wp-content\/uploads\/2025\/05\/1_CJEU-Climate-Cases-Database-1024x576.jpg 1024w, https:\/\/lisbonpubliclaw.pt\/wp-content\/uploads\/2025\/05\/1_CJEU-Climate-Cases-Database-300x169.jpg 300w, https:\/\/lisbonpubliclaw.pt\/wp-content\/uploads\/2025\/05\/1_CJEU-Climate-Cases-Database-768x432.jpg 768w, https:\/\/lisbonpubliclaw.pt\/wp-content\/uploads\/2025\/05\/1_CJEU-Climate-Cases-Database-1536x864.jpg 1536w, https:\/\/lisbonpubliclaw.pt\/wp-content\/uploads\/2025\/05\/1_CJEU-Climate-Cases-Database-18x10.jpg 18w, https:\/\/lisbonpubliclaw.pt\/wp-content\/uploads\/2025\/05\/1_CJEU-Climate-Cases-Database-150x85.jpg 150w, https:\/\/lisbonpubliclaw.pt\/wp-content\/uploads\/2025\/05\/1_CJEU-Climate-Cases-Database-600x338.jpg 600w, https:\/\/lisbonpubliclaw.pt\/wp-content\/uploads\/2025\/05\/1_CJEU-Climate-Cases-Database.jpg 1920w\" sizes=\"(max-width: 1024px) 100vw, 1024px\" \/><\/a><\/figure>\n<\/div>\n\n\n<div style=\"height:5px\" aria-hidden=\"true\" class=\"wp-block-spacer\"><\/div>\n\n\n\n<p class=\"translation-block\"><strong>CJEU Climate Cases Database (CJEU-CCD)<br><\/strong> A structured, analytical database of climate cases before the Court of Justice of the European Union, the first fully dedicated to this forum. It maps the CJEU\u2019s framings, legal grounds and decisions, enabling the identification of jurisprudential trends and strategic litigation patterns.<\/p>\n\n\n\n<div style=\"height:50px\" aria-hidden=\"true\" class=\"wp-block-spacer\"><\/div>\n\n\n\n<hr class=\"wp-block-separator has-alpha-channel-opacity\"\/>\n\n\n\n<div style=\"height:30px\" aria-hidden=\"true\" class=\"wp-block-spacer\"><\/div>\n\n\n<div class=\"wp-block-image\">\n<figure class=\"alignleft size-large is-resized\"><a href=\"https:\/\/lpl-lisbonenvironmentallaw-databases.notion.site\/clo\" target=\"_blank\" rel=\" noreferrer noopener\"><img decoding=\"async\" width=\"1024\" height=\"576\" src=\"https:\/\/lisbonpubliclaw.pt\/wp-content\/uploads\/2025\/05\/CJEU-Climate-Cases-Database-1024x576.jpg\" alt=\"\" class=\"wp-image-10477\" style=\"width:400px\" srcset=\"https:\/\/lisbonpubliclaw.pt\/wp-content\/uploads\/2025\/05\/CJEU-Climate-Cases-Database-1024x576.jpg 1024w, https:\/\/lisbonpubliclaw.pt\/wp-content\/uploads\/2025\/05\/CJEU-Climate-Cases-Database-300x169.jpg 300w, https:\/\/lisbonpubliclaw.pt\/wp-content\/uploads\/2025\/05\/CJEU-Climate-Cases-Database-768x432.jpg 768w, https:\/\/lisbonpubliclaw.pt\/wp-content\/uploads\/2025\/05\/CJEU-Climate-Cases-Database-1536x864.jpg 1536w, https:\/\/lisbonpubliclaw.pt\/wp-content\/uploads\/2025\/05\/CJEU-Climate-Cases-Database-18x10.jpg 18w, https:\/\/lisbonpubliclaw.pt\/wp-content\/uploads\/2025\/05\/CJEU-Climate-Cases-Database-150x85.jpg 150w, https:\/\/lisbonpubliclaw.pt\/wp-content\/uploads\/2025\/05\/CJEU-Climate-Cases-Database-600x338.jpg 600w, https:\/\/lisbonpubliclaw.pt\/wp-content\/uploads\/2025\/05\/CJEU-Climate-Cases-Database.jpg 1920w\" sizes=\"(max-width: 1024px) 100vw, 1024px\" \/><\/a><\/figure>\n<\/div>\n\n\n<div style=\"height:5px\" aria-hidden=\"true\" class=\"wp-block-spacer\"><\/div>\n\n\n\n<p><strong>Climate Litigation Observatory (CLO)<br><\/strong>A dynamic, curated database of climate litigation across jurisdictions. <br>Deliberately non-exhaustive by design, it identifies and maps trends, arguments and patterns, with added value in the classification system and keyword mapping that enable comparative readings across countries and regions.<\/p>\n\n\n\n<div style=\"height:30px\" aria-hidden=\"true\" class=\"wp-block-spacer\"><\/div>\n\n\n\n<hr class=\"wp-block-separator has-alpha-channel-opacity\"\/>\n\n\n\n<div style=\"height:30px\" aria-hidden=\"true\" class=\"wp-block-spacer\"><\/div>\n\n\n\n<figure class=\"wp-block-image size-large is-resized\"><a href=\"https:\/\/lpl-lisbonenvironmentallaw-databases.notion.site\/jatc\" target=\"_blank\" rel=\" noreferrer noopener\"><img decoding=\"async\" width=\"1024\" height=\"576\" src=\"https:\/\/lisbonpubliclaw.pt\/wp-content\/uploads\/2025\/06\/JATC-1024x576.jpg\" alt=\"\" class=\"wp-image-10591\" style=\"width:400px\" srcset=\"https:\/\/lisbonpubliclaw.pt\/wp-content\/uploads\/2025\/06\/JATC-1024x576.jpg 1024w, https:\/\/lisbonpubliclaw.pt\/wp-content\/uploads\/2025\/06\/JATC-300x169.jpg 300w, https:\/\/lisbonpubliclaw.pt\/wp-content\/uploads\/2025\/06\/JATC-768x432.jpg 768w, https:\/\/lisbonpubliclaw.pt\/wp-content\/uploads\/2025\/06\/JATC-1536x864.jpg 1536w, https:\/\/lisbonpubliclaw.pt\/wp-content\/uploads\/2025\/06\/JATC-18x10.jpg 18w, https:\/\/lisbonpubliclaw.pt\/wp-content\/uploads\/2025\/06\/JATC-150x85.jpg 150w, https:\/\/lisbonpubliclaw.pt\/wp-content\/uploads\/2025\/06\/JATC-600x338.jpg 600w, https:\/\/lisbonpubliclaw.pt\/wp-content\/uploads\/2025\/06\/JATC.jpg 1920w\" sizes=\"(max-width: 1024px) 100vw, 1024px\" \/><\/a><\/figure>\n\n\n\n<p><strong>Jurisprud\u00eancia Ambiental do Tribunal Constitucional (JATC)<br><\/strong>Compiles and systematises 114 decisions of Portugal\u2019s Constitutional Court with environmental relevance. It offers the first focused reading of the constitutional treatment of the environment in Portugal, supporting the development of critical mass among jurists and judges.<\/p>\n\n\n\n<div style=\"height:30px\" aria-hidden=\"true\" class=\"wp-block-spacer\"><\/div>\n\n\n\n<hr class=\"wp-block-separator has-alpha-channel-opacity\"\/>\n\n\n\n<div style=\"height:30px\" aria-hidden=\"true\" class=\"wp-block-spacer\"><\/div>\n\n\n\n<figure class=\"wp-block-image size-large is-resized\"><a href=\"https:\/\/lpl-lisbonenvironmentallaw-databases.notion.site\/cec\" target=\"_blank\" rel=\" noreferrer noopener\"><img loading=\"lazy\" decoding=\"async\" width=\"1024\" height=\"576\" src=\"https:\/\/lisbonpubliclaw.pt\/wp-content\/uploads\/2025\/06\/CEC-1024x576.jpg\" alt=\"\" class=\"wp-image-10590\" style=\"width:400px\" srcset=\"https:\/\/lisbonpubliclaw.pt\/wp-content\/uploads\/2025\/06\/CEC-1024x576.jpg 1024w, https:\/\/lisbonpubliclaw.pt\/wp-content\/uploads\/2025\/06\/CEC-300x169.jpg 300w, https:\/\/lisbonpubliclaw.pt\/wp-content\/uploads\/2025\/06\/CEC-768x432.jpg 768w, https:\/\/lisbonpubliclaw.pt\/wp-content\/uploads\/2025\/06\/CEC-1536x864.jpg 1536w, https:\/\/lisbonpubliclaw.pt\/wp-content\/uploads\/2025\/06\/CEC-18x10.jpg 18w, https:\/\/lisbonpubliclaw.pt\/wp-content\/uploads\/2025\/06\/CEC-150x85.jpg 150w, https:\/\/lisbonpubliclaw.pt\/wp-content\/uploads\/2025\/06\/CEC-600x338.jpg 600w, https:\/\/lisbonpubliclaw.pt\/wp-content\/uploads\/2025\/06\/CEC.jpg 1920w\" sizes=\"(max-width: 1024px) 100vw, 1024px\" \/><\/a><\/figure>\n\n\n\n<p><strong>Constitutional Environmental Clauses (CEC)<br><\/strong>Brings together 194 constitutions in force to map four key constitutional clauses for environmental protection (environmental information, environmental protection, the right to a healthy environment and access to information). <br>It includes clause-based coding and an Environmental Protection Score (0\u20134) for cross-regional and cross-system comparisons.<\/p>\n\n\n\n<p><\/p>","protected":false},"template":"","meta":[],"cluster":[],"grupo-de-investigacao":[],"class_list":["post-10895","noticias","type-noticias","status-publish","hentry"],"yoast_head":"<!-- This site is optimized with the Yoast SEO plugin v27.5 - https:\/\/yoast.com\/product\/yoast-seo-wordpress\/ -->\n<title>Novas Bases de Dados do Lisbon Environmental Law - Lisbon Public Law<\/title>\n<meta name=\"robots\" content=\"index, follow, max-snippet:-1, max-image-preview:large, max-video-preview:-1\" \/>\n<link rel=\"canonical\" href=\"https:\/\/lisbonpubliclaw.pt\/en\/noticias\/novas-bases-de-dados-do-lisbon-environmental-law\/\" \/>\n<meta property=\"og:locale\" content=\"en_US\" \/>\n<meta property=\"og:type\" content=\"article\" \/>\n<meta property=\"og:title\" content=\"Novas Bases de Dados do Lisbon Environmental Law - Lisbon Public Law\" \/>\n<meta property=\"og:description\" content=\"Reafirmando o seu compromisso com a ci\u00eancia aberta, o Lisbon Environmental Law (LEL), do Lisbon Public Law Research Centre, lan\u00e7a uma plataforma aberta de bases de dados em Direito do Ambiente. S\u00e3o recursos que sustentam a investiga\u00e7\u00e3o jur\u00eddica, refor\u00e7am a verificabilidade e a reprodutibilidade e t\u00eam potencial para otimizar e aprimorar o trabalho de investigadores\/as, [&hellip;]\" \/>\n<meta property=\"og:url\" content=\"https:\/\/lisbonpubliclaw.pt\/en\/noticias\/novas-bases-de-dados-do-lisbon-environmental-law\/\" \/>\n<meta property=\"og:site_name\" content=\"Lisbon Public Law\" \/>\n<meta property=\"article:modified_time\" content=\"2025-09-03T13:46:11+00:00\" \/>\n<meta property=\"og:image\" content=\"https:\/\/lisbonpubliclaw.pt\/wp-content\/uploads\/2025\/05\/1_CJEU-Climate-Cases-Database.jpg\" \/>\n\t<meta property=\"og:image:width\" content=\"1920\" \/>\n\t<meta property=\"og:image:height\" content=\"1080\" \/>\n\t<meta property=\"og:image:type\" content=\"image\/jpeg\" \/>\n<meta name=\"twitter:card\" content=\"summary_large_image\" \/>\n<meta name=\"twitter:label1\" content=\"Est. reading time\" \/>\n\t<meta name=\"twitter:data1\" content=\"3 minutes\" \/>\n<script type=\"application\/ld+json\" class=\"yoast-schema-graph\">{\"@context\":\"https:\\\/\\\/schema.org\",\"@graph\":[{\"@type\":\"WebPage\",\"@id\":\"https:\\\/\\\/lisbonpubliclaw.pt\\\/noticias\\\/novas-bases-de-dados-do-lisbon-environmental-law\\\/\",\"url\":\"https:\\\/\\\/lisbonpubliclaw.pt\\\/noticias\\\/novas-bases-de-dados-do-lisbon-environmental-law\\\/\",\"name\":\"Novas Bases de Dados do Lisbon Environmental Law - Lisbon Public Law\",\"isPartOf\":{\"@id\":\"https:\\\/\\\/lisbonpubliclaw.pt\\\/#website\"},\"primaryImageOfPage\":{\"@id\":\"https:\\\/\\\/lisbonpubliclaw.pt\\\/noticias\\\/novas-bases-de-dados-do-lisbon-environmental-law\\\/#primaryimage\"},\"image\":{\"@id\":\"https:\\\/\\\/lisbonpubliclaw.pt\\\/noticias\\\/novas-bases-de-dados-do-lisbon-environmental-law\\\/#primaryimage\"},\"thumbnailUrl\":\"https:\\\/\\\/lisbonpubliclaw.pt\\\/wp-content\\\/uploads\\\/2025\\\/05\\\/1_CJEU-Climate-Cases-Database-1024x576.jpg\",\"datePublished\":\"2025-09-03T13:18:14+00:00\",\"dateModified\":\"2025-09-03T13:46:11+00:00\",\"breadcrumb\":{\"@id\":\"https:\\\/\\\/lisbonpubliclaw.pt\\\/noticias\\\/novas-bases-de-dados-do-lisbon-environmental-law\\\/#breadcrumb\"},\"inLanguage\":\"en-US\",\"potentialAction\":[{\"@type\":\"ReadAction\",\"target\":[\"https:\\\/\\\/lisbonpubliclaw.pt\\\/noticias\\\/novas-bases-de-dados-do-lisbon-environmental-law\\\/\"]}]},{\"@type\":\"ImageObject\",\"inLanguage\":\"en-US\",\"@id\":\"https:\\\/\\\/lisbonpubliclaw.pt\\\/noticias\\\/novas-bases-de-dados-do-lisbon-environmental-law\\\/#primaryimage\",\"url\":\"https:\\\/\\\/lisbonpubliclaw.pt\\\/wp-content\\\/uploads\\\/2025\\\/05\\\/1_CJEU-Climate-Cases-Database-1024x576.jpg\",\"contentUrl\":\"https:\\\/\\\/lisbonpubliclaw.pt\\\/wp-content\\\/uploads\\\/2025\\\/05\\\/1_CJEU-Climate-Cases-Database-1024x576.jpg\"},{\"@type\":\"BreadcrumbList\",\"@id\":\"https:\\\/\\\/lisbonpubliclaw.pt\\\/noticias\\\/novas-bases-de-dados-do-lisbon-environmental-law\\\/#breadcrumb\",\"itemListElement\":[{\"@type\":\"ListItem\",\"position\":1,\"name\":\"Home\",\"item\":\"https:\\\/\\\/lisbonpubliclaw.pt\\\/\"},{\"@type\":\"ListItem\",\"position\":2,\"name\":\"Not\u00edcias\",\"item\":\"https:\\\/\\\/lisbonpubliclaw.pt\\\/noticias\\\/\"},{\"@type\":\"ListItem\",\"position\":3,\"name\":\"Novas Bases de Dados do Lisbon Environmental Law\"}]},{\"@type\":\"WebSite\",\"@id\":\"https:\\\/\\\/lisbonpubliclaw.pt\\\/#website\",\"url\":\"https:\\\/\\\/lisbonpubliclaw.pt\\\/\",\"name\":\"Lisbon Public Law\",\"description\":\"Public Law Research Centre in Lisbon\",\"publisher\":{\"@id\":\"https:\\\/\\\/lisbonpubliclaw.pt\\\/#organization\"},\"potentialAction\":[{\"@type\":\"SearchAction\",\"target\":{\"@type\":\"EntryPoint\",\"urlTemplate\":\"https:\\\/\\\/lisbonpubliclaw.pt\\\/?s={search_term_string}\"},\"query-input\":{\"@type\":\"PropertyValueSpecification\",\"valueRequired\":true,\"valueName\":\"search_term_string\"}}],\"inLanguage\":\"en-US\"},{\"@type\":\"Organization\",\"@id\":\"https:\\\/\\\/lisbonpubliclaw.pt\\\/#organization\",\"name\":\"Lisbon Public Law\",\"url\":\"https:\\\/\\\/lisbonpubliclaw.pt\\\/\",\"logo\":{\"@type\":\"ImageObject\",\"inLanguage\":\"en-US\",\"@id\":\"https:\\\/\\\/lisbonpubliclaw.pt\\\/#\\\/schema\\\/logo\\\/image\\\/\",\"url\":\"https:\\\/\\\/lisbonpubliclaw.pt\\\/wp-content\\\/uploads\\\/2023\\\/06\\\/WhatsApp-Image-2023-06-19-at-11.01.50-1.jpeg\",\"contentUrl\":\"https:\\\/\\\/lisbonpubliclaw.pt\\\/wp-content\\\/uploads\\\/2023\\\/06\\\/WhatsApp-Image-2023-06-19-at-11.01.50-1.jpeg\",\"width\":354,\"height\":354,\"caption\":\"Lisbon Public Law\"},\"image\":{\"@id\":\"https:\\\/\\\/lisbonpubliclaw.pt\\\/#\\\/schema\\\/logo\\\/image\\\/\"}}]}<\/script>\n<!-- \/ Yoast SEO plugin. -->","yoast_head_json":{"title":"Novas Bases de Dados do Lisbon Environmental Law - Lisbon Public Law","robots":{"index":"index","follow":"follow","max-snippet":"max-snippet:-1","max-image-preview":"max-image-preview:large","max-video-preview":"max-video-preview:-1"},"canonical":"https:\/\/lisbonpubliclaw.pt\/en\/noticias\/novas-bases-de-dados-do-lisbon-environmental-law\/","og_locale":"en_US","og_type":"article","og_title":"Novas Bases de Dados do Lisbon Environmental Law - Lisbon Public Law","og_description":"Reafirmando o seu compromisso com a ci\u00eancia aberta, o Lisbon Environmental Law (LEL), do Lisbon Public Law Research Centre, lan\u00e7a uma plataforma aberta de bases de dados em Direito do Ambiente. S\u00e3o recursos que sustentam a investiga\u00e7\u00e3o jur\u00eddica, refor\u00e7am a verificabilidade e a reprodutibilidade e t\u00eam potencial para otimizar e aprimorar o trabalho de investigadores\/as, [&hellip;]","og_url":"https:\/\/lisbonpubliclaw.pt\/en\/noticias\/novas-bases-de-dados-do-lisbon-environmental-law\/","og_site_name":"Lisbon Public Law","article_modified_time":"2025-09-03T13:46:11+00:00","og_image":[{"width":1920,"height":1080,"url":"https:\/\/lisbonpubliclaw.pt\/wp-content\/uploads\/2025\/05\/1_CJEU-Climate-Cases-Database.jpg","type":"image\/jpeg"}],"twitter_card":"summary_large_image","twitter_misc":{"Est. reading time":"3 minutes"},"schema":{"@context":"https:\/\/schema.org","@graph":[{"@type":"WebPage","@id":"https:\/\/lisbonpubliclaw.pt\/noticias\/novas-bases-de-dados-do-lisbon-environmental-law\/","url":"https:\/\/lisbonpubliclaw.pt\/noticias\/novas-bases-de-dados-do-lisbon-environmental-law\/","name":"Novas Bases de Dados do Lisbon Environmental Law - Lisbon Public Law","isPartOf":{"@id":"https:\/\/lisbonpubliclaw.pt\/#website"},"primaryImageOfPage":{"@id":"https:\/\/lisbonpubliclaw.pt\/noticias\/novas-bases-de-dados-do-lisbon-environmental-law\/#primaryimage"},"image":{"@id":"https:\/\/lisbonpubliclaw.pt\/noticias\/novas-bases-de-dados-do-lisbon-environmental-law\/#primaryimage"},"thumbnailUrl":"https:\/\/lisbonpubliclaw.pt\/wp-content\/uploads\/2025\/05\/1_CJEU-Climate-Cases-Database-1024x576.jpg","datePublished":"2025-09-03T13:18:14+00:00","dateModified":"2025-09-03T13:46:11+00:00","breadcrumb":{"@id":"https:\/\/lisbonpubliclaw.pt\/noticias\/novas-bases-de-dados-do-lisbon-environmental-law\/#breadcrumb"},"inLanguage":"en-US","potentialAction":[{"@type":"ReadAction","target":["https:\/\/lisbonpubliclaw.pt\/noticias\/novas-bases-de-dados-do-lisbon-environmental-law\/"]}]},{"@type":"ImageObject","inLanguage":"en-US","@id":"https:\/\/lisbonpubliclaw.pt\/noticias\/novas-bases-de-dados-do-lisbon-environmental-law\/#primaryimage","url":"https:\/\/lisbonpubliclaw.pt\/wp-content\/uploads\/2025\/05\/1_CJEU-Climate-Cases-Database-1024x576.jpg","contentUrl":"https:\/\/lisbonpubliclaw.pt\/wp-content\/uploads\/2025\/05\/1_CJEU-Climate-Cases-Database-1024x576.jpg"},{"@type":"BreadcrumbList","@id":"https:\/\/lisbonpubliclaw.pt\/noticias\/novas-bases-de-dados-do-lisbon-environmental-law\/#breadcrumb","itemListElement":[{"@type":"ListItem","position":1,"name":"Home","item":"https:\/\/lisbonpubliclaw.pt\/"},{"@type":"ListItem","position":2,"name":"Not\u00edcias","item":"https:\/\/lisbonpubliclaw.pt\/noticias\/"},{"@type":"ListItem","position":3,"name":"Novas Bases de Dados do Lisbon Environmental Law"}]},{"@type":"WebSite","@id":"https:\/\/lisbonpubliclaw.pt\/#website","url":"https:\/\/lisbonpubliclaw.pt\/","name":"Lisbon Public Law","description":"Public Law Research Centre in Lisbon","publisher":{"@id":"https:\/\/lisbonpubliclaw.pt\/#organization"},"potentialAction":[{"@type":"SearchAction","target":{"@type":"EntryPoint","urlTemplate":"https:\/\/lisbonpubliclaw.pt\/?s={search_term_string}"},"query-input":{"@type":"PropertyValueSpecification","valueRequired":true,"valueName":"search_term_string"}}],"inLanguage":"en-US"},{"@type":"Organization","@id":"https:\/\/lisbonpubliclaw.pt\/#organization","name":"Lisbon Public Law","url":"https:\/\/lisbonpubliclaw.pt\/","logo":{"@type":"ImageObject","inLanguage":"en-US","@id":"https:\/\/lisbonpubliclaw.pt\/#\/schema\/logo\/image\/","url":"https:\/\/lisbonpubliclaw.pt\/wp-content\/uploads\/2023\/06\/WhatsApp-Image-2023-06-19-at-11.01.50-1.jpeg","contentUrl":"https:\/\/lisbonpubliclaw.pt\/wp-content\/uploads\/2023\/06\/WhatsApp-Image-2023-06-19-at-11.01.50-1.jpeg","width":354,"height":354,"caption":"Lisbon Public Law"},"image":{"@id":"https:\/\/lisbonpubliclaw.pt\/#\/schema\/logo\/image\/"}}]}},"_links":{"self":[{"href":"https:\/\/lisbonpubliclaw.pt\/en\/wp-json\/wp\/v2\/noticias\/10895","targetHints":{"allow":["GET"]}}],"collection":[{"href":"https:\/\/lisbonpubliclaw.pt\/en\/wp-json\/wp\/v2\/noticias"}],"about":[{"href":"https:\/\/lisbonpubliclaw.pt\/en\/wp-json\/wp\/v2\/types\/noticias"}],"wp:attachment":[{"href":"https:\/\/lisbonpubliclaw.pt\/en\/wp-json\/wp\/v2\/media?parent=10895"}],"wp:term":[{"taxonomy":"cluster","embeddable":true,"href":"https:\/\/lisbonpubliclaw.pt\/en\/wp-json\/wp\/v2\/cluster?post=10895"},{"taxonomy":"grupo-de-investigacao","embeddable":true,"href":"https:\/\/lisbonpubliclaw.pt\/en\/wp-json\/wp\/v2\/grupo-de-investigacao?post=10895"}],"curies":[{"name":"wp","href":"https:\/\/api.w.org\/{rel}","templated":true}]}}