{"id":10798,"date":"2025-09-02T10:59:36","date_gmt":"2025-09-02T10:59:36","guid":{"rendered":"https:\/\/lisbonpubliclaw.pt\/?post_type=noticias&#038;p=10798"},"modified":"2025-09-02T11:02:21","modified_gmt":"2025-09-02T11:02:21","slug":"llt-reading-group-25-26","status":"publish","type":"noticias","link":"https:\/\/lisbonpubliclaw.pt\/en\/noticias\/llt-reading-group-25-26\/","title":{"rendered":"LLT Reading Group 25\/26"},"content":{"rendered":"<p>From September to July, the Lisbon Legal Theory Reading Group will focus on different chapters from different books by Ronald Dworkin.<\/p>\n\n\n\n<p>The sessions will take place in the \"Instituto 3\" room at 19:00. <\/p>\n\n\n\n<p>The languages adopted for the reading group are Portuguese and English (when non-Portuguese speakers choose to attend). <\/p>\n\n\n\n<p>All sessions will be in person.<\/p>\n\n\n\n<figure class=\"wp-block-gallery has-nested-images columns-default is-cropped wp-block-gallery-1 is-layout-flex wp-block-gallery-is-layout-flex\">\n<figure class=\"wp-block-image size-large\"><img fetchpriority=\"high\" decoding=\"async\" width=\"729\" height=\"1024\" data-id=\"10803\" src=\"https:\/\/lisbonpubliclaw.pt\/wp-content\/uploads\/2025\/09\/Cartaz_LLT_25_26-03-729x1024.png\" alt=\"\" class=\"wp-image-10803\" srcset=\"https:\/\/lisbonpubliclaw.pt\/wp-content\/uploads\/2025\/09\/Cartaz_LLT_25_26-03-729x1024.png 729w, https:\/\/lisbonpubliclaw.pt\/wp-content\/uploads\/2025\/09\/Cartaz_LLT_25_26-03-213x300.png 213w, https:\/\/lisbonpubliclaw.pt\/wp-content\/uploads\/2025\/09\/Cartaz_LLT_25_26-03-768x1079.png 768w, https:\/\/lisbonpubliclaw.pt\/wp-content\/uploads\/2025\/09\/Cartaz_LLT_25_26-03-1093x1536.png 1093w, https:\/\/lisbonpubliclaw.pt\/wp-content\/uploads\/2025\/09\/Cartaz_LLT_25_26-03-1457x2048.png 1457w, https:\/\/lisbonpubliclaw.pt\/wp-content\/uploads\/2025\/09\/Cartaz_LLT_25_26-03-9x12.png 9w, https:\/\/lisbonpubliclaw.pt\/wp-content\/uploads\/2025\/09\/Cartaz_LLT_25_26-03-600x843.png 600w, https:\/\/lisbonpubliclaw.pt\/wp-content\/uploads\/2025\/09\/Cartaz_LLT_25_26-03.png 1790w\" sizes=\"(max-width: 729px) 100vw, 729px\" \/><\/figure>\n<\/figure>","protected":false},"template":"","meta":[],"cluster":[34],"grupo-de-investigacao":[],"class_list":["post-10798","noticias","type-noticias","status-publish","hentry","cluster-lisbon-legal-theory"],"yoast_head":"<!-- This site is optimized with the Yoast SEO plugin v27.5 - https:\/\/yoast.com\/product\/yoast-seo-wordpress\/ -->\n<title>LLT Reading Group 25\/26 - Lisbon Public Law<\/title>\n<meta name=\"description\" content=\"De setembro a julho, o Reading Group do Lisbon Legal Theory debru\u00e7ar-se-\u00e1 sobre diferentes cap\u00edtulos de livros por Ronald Dworkin.\" \/>\n<meta name=\"robots\" content=\"index, follow, max-snippet:-1, max-image-preview:large, max-video-preview:-1\" \/>\n<link rel=\"canonical\" href=\"https:\/\/lisbonpubliclaw.pt\/en\/noticias\/llt-reading-group-25-26\/\" \/>\n<meta property=\"og:locale\" content=\"en_US\" \/>\n<meta property=\"og:type\" content=\"article\" \/>\n<meta property=\"og:title\" content=\"LLT Reading Group 25\/26 - Lisbon Public Law\" \/>\n<meta property=\"og:description\" content=\"De setembro a julho, o Reading Group do Lisbon Legal Theory debru\u00e7ar-se-\u00e1 sobre diferentes cap\u00edtulos de livros por Ronald Dworkin.\" \/>\n<meta property=\"og:url\" content=\"https:\/\/lisbonpubliclaw.pt\/en\/noticias\/llt-reading-group-25-26\/\" \/>\n<meta property=\"og:site_name\" content=\"Lisbon Public Law\" \/>\n<meta property=\"article:modified_time\" content=\"2025-09-02T11:02:21+00:00\" \/>\n<meta property=\"og:image\" content=\"https:\/\/lisbonpubliclaw.pt\/wp-content\/uploads\/2025\/09\/Cartaz_LLT_25_26-03.png\" \/>\n\t<meta property=\"og:image:width\" content=\"1790\" \/>\n\t<meta property=\"og:image:height\" content=\"2516\" \/>\n\t<meta property=\"og:image:type\" content=\"image\/png\" \/>\n<meta name=\"twitter:card\" content=\"summary_large_image\" \/>\n<meta name=\"twitter:label1\" content=\"Est. reading time\" \/>\n\t<meta name=\"twitter:data1\" content=\"1 minute\" \/>\n<script type=\"application\/ld+json\" class=\"yoast-schema-graph\">{\"@context\":\"https:\\\/\\\/schema.org\",\"@graph\":[{\"@type\":\"WebPage\",\"@id\":\"https:\\\/\\\/lisbonpubliclaw.pt\\\/noticias\\\/llt-reading-group-25-26\\\/\",\"url\":\"https:\\\/\\\/lisbonpubliclaw.pt\\\/noticias\\\/llt-reading-group-25-26\\\/\",\"name\":\"LLT Reading Group 25\\\/26 - Lisbon Public Law\",\"isPartOf\":{\"@id\":\"https:\\\/\\\/lisbonpubliclaw.pt\\\/#website\"},\"primaryImageOfPage\":{\"@id\":\"https:\\\/\\\/lisbonpubliclaw.pt\\\/noticias\\\/llt-reading-group-25-26\\\/#primaryimage\"},\"image\":{\"@id\":\"https:\\\/\\\/lisbonpubliclaw.pt\\\/noticias\\\/llt-reading-group-25-26\\\/#primaryimage\"},\"thumbnailUrl\":\"https:\\\/\\\/lisbonpubliclaw.pt\\\/wp-content\\\/uploads\\\/2025\\\/09\\\/Cartaz_LLT_25_26-03-729x1024.png\",\"datePublished\":\"2025-09-02T10:59:36+00:00\",\"dateModified\":\"2025-09-02T11:02:21+00:00\",\"description\":\"De setembro a julho, o Reading Group do Lisbon Legal Theory debru\u00e7ar-se-\u00e1 sobre diferentes cap\u00edtulos de livros por Ronald Dworkin.\",\"breadcrumb\":{\"@id\":\"https:\\\/\\\/lisbonpubliclaw.pt\\\/noticias\\\/llt-reading-group-25-26\\\/#breadcrumb\"},\"inLanguage\":\"en-US\",\"potentialAction\":[{\"@type\":\"ReadAction\",\"target\":[\"https:\\\/\\\/lisbonpubliclaw.pt\\\/noticias\\\/llt-reading-group-25-26\\\/\"]}]},{\"@type\":\"ImageObject\",\"inLanguage\":\"en-US\",\"@id\":\"https:\\\/\\\/lisbonpubliclaw.pt\\\/noticias\\\/llt-reading-group-25-26\\\/#primaryimage\",\"url\":\"https:\\\/\\\/lisbonpubliclaw.pt\\\/wp-content\\\/uploads\\\/2025\\\/09\\\/Cartaz_LLT_25_26-03-729x1024.png\",\"contentUrl\":\"https:\\\/\\\/lisbonpubliclaw.pt\\\/wp-content\\\/uploads\\\/2025\\\/09\\\/Cartaz_LLT_25_26-03-729x1024.png\"},{\"@type\":\"BreadcrumbList\",\"@id\":\"https:\\\/\\\/lisbonpubliclaw.pt\\\/noticias\\\/llt-reading-group-25-26\\\/#breadcrumb\",\"itemListElement\":[{\"@type\":\"ListItem\",\"position\":1,\"name\":\"Home\",\"item\":\"https:\\\/\\\/lisbonpubliclaw.pt\\\/\"},{\"@type\":\"ListItem\",\"position\":2,\"name\":\"Not\u00edcias\",\"item\":\"https:\\\/\\\/lisbonpubliclaw.pt\\\/noticias\\\/\"},{\"@type\":\"ListItem\",\"position\":3,\"name\":\"LLT Reading Group 25\\\/26\"}]},{\"@type\":\"WebSite\",\"@id\":\"https:\\\/\\\/lisbonpubliclaw.pt\\\/#website\",\"url\":\"https:\\\/\\\/lisbonpubliclaw.pt\\\/\",\"name\":\"Lisbon Public Law\",\"description\":\"Public Law Research Centre in Lisbon\",\"publisher\":{\"@id\":\"https:\\\/\\\/lisbonpubliclaw.pt\\\/#organization\"},\"potentialAction\":[{\"@type\":\"SearchAction\",\"target\":{\"@type\":\"EntryPoint\",\"urlTemplate\":\"https:\\\/\\\/lisbonpubliclaw.pt\\\/?s={search_term_string}\"},\"query-input\":{\"@type\":\"PropertyValueSpecification\",\"valueRequired\":true,\"valueName\":\"search_term_string\"}}],\"inLanguage\":\"en-US\"},{\"@type\":\"Organization\",\"@id\":\"https:\\\/\\\/lisbonpubliclaw.pt\\\/#organization\",\"name\":\"Lisbon Public Law\",\"url\":\"https:\\\/\\\/lisbonpubliclaw.pt\\\/\",\"logo\":{\"@type\":\"ImageObject\",\"inLanguage\":\"en-US\",\"@id\":\"https:\\\/\\\/lisbonpubliclaw.pt\\\/#\\\/schema\\\/logo\\\/image\\\/\",\"url\":\"https:\\\/\\\/lisbonpubliclaw.pt\\\/wp-content\\\/uploads\\\/2023\\\/06\\\/WhatsApp-Image-2023-06-19-at-11.01.50-1.jpeg\",\"contentUrl\":\"https:\\\/\\\/lisbonpubliclaw.pt\\\/wp-content\\\/uploads\\\/2023\\\/06\\\/WhatsApp-Image-2023-06-19-at-11.01.50-1.jpeg\",\"width\":354,\"height\":354,\"caption\":\"Lisbon Public Law\"},\"image\":{\"@id\":\"https:\\\/\\\/lisbonpubliclaw.pt\\\/#\\\/schema\\\/logo\\\/image\\\/\"}}]}<\/script>\n<!-- \/ Yoast SEO plugin. -->","yoast_head_json":{"title":"LLT Reading Group 25\/26 - Lisbon Public Law","description":"From September to July, the Lisbon Legal Theory Reading Group will focus on different chapters from different books by Ronald Dworkin.","robots":{"index":"index","follow":"follow","max-snippet":"max-snippet:-1","max-image-preview":"max-image-preview:large","max-video-preview":"max-video-preview:-1"},"canonical":"https:\/\/lisbonpubliclaw.pt\/en\/noticias\/llt-reading-group-25-26\/","og_locale":"en_US","og_type":"article","og_title":"LLT Reading Group 25\/26 - Lisbon Public Law","og_description":"De setembro a julho, o Reading Group do Lisbon Legal Theory debru\u00e7ar-se-\u00e1 sobre diferentes cap\u00edtulos de livros por Ronald Dworkin.","og_url":"https:\/\/lisbonpubliclaw.pt\/en\/noticias\/llt-reading-group-25-26\/","og_site_name":"Lisbon Public Law","article_modified_time":"2025-09-02T11:02:21+00:00","og_image":[{"width":1790,"height":2516,"url":"https:\/\/lisbonpubliclaw.pt\/wp-content\/uploads\/2025\/09\/Cartaz_LLT_25_26-03.png","type":"image\/png"}],"twitter_card":"summary_large_image","twitter_misc":{"Est. reading time":"1 minute"},"schema":{"@context":"https:\/\/schema.org","@graph":[{"@type":"WebPage","@id":"https:\/\/lisbonpubliclaw.pt\/noticias\/llt-reading-group-25-26\/","url":"https:\/\/lisbonpubliclaw.pt\/noticias\/llt-reading-group-25-26\/","name":"LLT Reading Group 25\/26 - Lisbon Public Law","isPartOf":{"@id":"https:\/\/lisbonpubliclaw.pt\/#website"},"primaryImageOfPage":{"@id":"https:\/\/lisbonpubliclaw.pt\/noticias\/llt-reading-group-25-26\/#primaryimage"},"image":{"@id":"https:\/\/lisbonpubliclaw.pt\/noticias\/llt-reading-group-25-26\/#primaryimage"},"thumbnailUrl":"https:\/\/lisbonpubliclaw.pt\/wp-content\/uploads\/2025\/09\/Cartaz_LLT_25_26-03-729x1024.png","datePublished":"2025-09-02T10:59:36+00:00","dateModified":"2025-09-02T11:02:21+00:00","description":"From September to July, the Lisbon Legal Theory Reading Group will focus on different chapters from different books by Ronald Dworkin.","breadcrumb":{"@id":"https:\/\/lisbonpubliclaw.pt\/noticias\/llt-reading-group-25-26\/#breadcrumb"},"inLanguage":"en-US","potentialAction":[{"@type":"ReadAction","target":["https:\/\/lisbonpubliclaw.pt\/noticias\/llt-reading-group-25-26\/"]}]},{"@type":"ImageObject","inLanguage":"en-US","@id":"https:\/\/lisbonpubliclaw.pt\/noticias\/llt-reading-group-25-26\/#primaryimage","url":"https:\/\/lisbonpubliclaw.pt\/wp-content\/uploads\/2025\/09\/Cartaz_LLT_25_26-03-729x1024.png","contentUrl":"https:\/\/lisbonpubliclaw.pt\/wp-content\/uploads\/2025\/09\/Cartaz_LLT_25_26-03-729x1024.png"},{"@type":"BreadcrumbList","@id":"https:\/\/lisbonpubliclaw.pt\/noticias\/llt-reading-group-25-26\/#breadcrumb","itemListElement":[{"@type":"ListItem","position":1,"name":"Home","item":"https:\/\/lisbonpubliclaw.pt\/"},{"@type":"ListItem","position":2,"name":"Not\u00edcias","item":"https:\/\/lisbonpubliclaw.pt\/noticias\/"},{"@type":"ListItem","position":3,"name":"LLT Reading Group 25\/26"}]},{"@type":"WebSite","@id":"https:\/\/lisbonpubliclaw.pt\/#website","url":"https:\/\/lisbonpubliclaw.pt\/","name":"Lisbon Public Law","description":"Public Law Research Centre in Lisbon","publisher":{"@id":"https:\/\/lisbonpubliclaw.pt\/#organization"},"potentialAction":[{"@type":"SearchAction","target":{"@type":"EntryPoint","urlTemplate":"https:\/\/lisbonpubliclaw.pt\/?s={search_term_string}"},"query-input":{"@type":"PropertyValueSpecification","valueRequired":true,"valueName":"search_term_string"}}],"inLanguage":"en-US"},{"@type":"Organization","@id":"https:\/\/lisbonpubliclaw.pt\/#organization","name":"Lisbon Public Law","url":"https:\/\/lisbonpubliclaw.pt\/","logo":{"@type":"ImageObject","inLanguage":"en-US","@id":"https:\/\/lisbonpubliclaw.pt\/#\/schema\/logo\/image\/","url":"https:\/\/lisbonpubliclaw.pt\/wp-content\/uploads\/2023\/06\/WhatsApp-Image-2023-06-19-at-11.01.50-1.jpeg","contentUrl":"https:\/\/lisbonpubliclaw.pt\/wp-content\/uploads\/2023\/06\/WhatsApp-Image-2023-06-19-at-11.01.50-1.jpeg","width":354,"height":354,"caption":"Lisbon Public Law"},"image":{"@id":"https:\/\/lisbonpubliclaw.pt\/#\/schema\/logo\/image\/"}}]}},"_links":{"self":[{"href":"https:\/\/lisbonpubliclaw.pt\/en\/wp-json\/wp\/v2\/noticias\/10798","targetHints":{"allow":["GET"]}}],"collection":[{"href":"https:\/\/lisbonpubliclaw.pt\/en\/wp-json\/wp\/v2\/noticias"}],"about":[{"href":"https:\/\/lisbonpubliclaw.pt\/en\/wp-json\/wp\/v2\/types\/noticias"}],"wp:attachment":[{"href":"https:\/\/lisbonpubliclaw.pt\/en\/wp-json\/wp\/v2\/media?parent=10798"}],"wp:term":[{"taxonomy":"cluster","embeddable":true,"href":"https:\/\/lisbonpubliclaw.pt\/en\/wp-json\/wp\/v2\/cluster?post=10798"},{"taxonomy":"grupo-de-investigacao","embeddable":true,"href":"https:\/\/lisbonpubliclaw.pt\/en\/wp-json\/wp\/v2\/grupo-de-investigacao?post=10798"}],"curies":[{"name":"wp","href":"https:\/\/api.w.org\/{rel}","templated":true}]}}