{"id":10778,"date":"2025-08-21T16:35:59","date_gmt":"2025-08-21T16:35:59","guid":{"rendered":"https:\/\/lisbonpubliclaw.pt\/?post_type=noticias&#038;p=10778"},"modified":"2025-09-02T10:48:50","modified_gmt":"2025-09-02T10:48:50","slug":"media-artigo-goncalo-fabiao-para-jornal-publico","status":"publish","type":"noticias","link":"https:\/\/lisbonpubliclaw.pt\/en\/noticias\/media-artigo-goncalo-fabiao-para-jornal-publico\/","title":{"rendered":"Media | Article | Gon\u00e7alo Fabi\u00e3o for P\u00fablico"},"content":{"rendered":"<p><\/p>\n<p style=\"text-align: justify;\">LPL researcher <strong>Gon&ccedil;alo Fabi&atilde;o<\/strong>comments in <em>P&uacute;blico<\/em> on the role of the <strong>Constitutional Court<\/strong> in reviewing the justifications put forward by the State when restricting the fundamental rights of immigrants in Portugal.<\/p>\n<p style=\"text-align: justify;\"> <\/p>\n<p style=\"text-align: justify;\">Read the full article <a href=\"https:\/\/www.publico.pt\/2025\/08\/19\/opiniao\/opiniao\/imigracao-justificacao-restringir-direitos-fundamentais-2144340\">HERE<\/a><\/p>\n<p><\/p>\n\n\n<p><\/p>","protected":false},"template":"","meta":[],"cluster":[],"grupo-de-investigacao":[],"class_list":["post-10778","noticias","type-noticias","status-publish","hentry"],"yoast_head":"<!-- This site is optimized with the Yoast SEO plugin v27.5 - https:\/\/yoast.com\/product\/yoast-seo-wordpress\/ -->\n<title>Media | Artigo | Gon\u00e7alo Fabi\u00e3o para jornal P\u00fablico - Lisbon Public Law<\/title>\n<meta name=\"robots\" content=\"index, follow, max-snippet:-1, max-image-preview:large, max-video-preview:-1\" \/>\n<link rel=\"canonical\" href=\"https:\/\/lisbonpubliclaw.pt\/en\/noticias\/media-artigo-goncalo-fabiao-para-jornal-publico\/\" \/>\n<meta property=\"og:locale\" content=\"en_US\" \/>\n<meta property=\"og:type\" content=\"article\" \/>\n<meta property=\"og:title\" content=\"Media | Artigo | Gon\u00e7alo Fabi\u00e3o para jornal P\u00fablico - Lisbon Public Law\" \/>\n<meta property=\"og:description\" content=\"O investigador do LPL, Gon&ccedil;alo Fabi&atilde;o, comenta no P&uacute;blico o papel do Tribunal Constitucional no controlo das justifica&ccedil;&otilde;es apresentadas pelo Estado na restri&ccedil;&atilde;o de direitos fundamentais de imigrantes em Portugal. Leia o artigo completo AQUI\" \/>\n<meta property=\"og:url\" content=\"https:\/\/lisbonpubliclaw.pt\/en\/noticias\/media-artigo-goncalo-fabiao-para-jornal-publico\/\" \/>\n<meta property=\"og:site_name\" content=\"Lisbon Public Law\" \/>\n<meta property=\"article:modified_time\" content=\"2025-09-02T10:48:50+00:00\" \/>\n<meta name=\"twitter:card\" content=\"summary_large_image\" \/>\n<meta name=\"twitter:label1\" content=\"Est. reading time\" \/>\n\t<meta name=\"twitter:data1\" content=\"1 minute\" \/>\n<script type=\"application\/ld+json\" class=\"yoast-schema-graph\">{\"@context\":\"https:\\\/\\\/schema.org\",\"@graph\":[{\"@type\":\"WebPage\",\"@id\":\"https:\\\/\\\/lisbonpubliclaw.pt\\\/noticias\\\/media-artigo-goncalo-fabiao-para-jornal-publico\\\/\",\"url\":\"https:\\\/\\\/lisbonpubliclaw.pt\\\/noticias\\\/media-artigo-goncalo-fabiao-para-jornal-publico\\\/\",\"name\":\"Media | Artigo | Gon\u00e7alo Fabi\u00e3o para jornal P\u00fablico - Lisbon Public Law\",\"isPartOf\":{\"@id\":\"https:\\\/\\\/lisbonpubliclaw.pt\\\/#website\"},\"datePublished\":\"2025-08-21T16:35:59+00:00\",\"dateModified\":\"2025-09-02T10:48:50+00:00\",\"breadcrumb\":{\"@id\":\"https:\\\/\\\/lisbonpubliclaw.pt\\\/noticias\\\/media-artigo-goncalo-fabiao-para-jornal-publico\\\/#breadcrumb\"},\"inLanguage\":\"en-US\",\"potentialAction\":[{\"@type\":\"ReadAction\",\"target\":[\"https:\\\/\\\/lisbonpubliclaw.pt\\\/noticias\\\/media-artigo-goncalo-fabiao-para-jornal-publico\\\/\"]}]},{\"@type\":\"BreadcrumbList\",\"@id\":\"https:\\\/\\\/lisbonpubliclaw.pt\\\/noticias\\\/media-artigo-goncalo-fabiao-para-jornal-publico\\\/#breadcrumb\",\"itemListElement\":[{\"@type\":\"ListItem\",\"position\":1,\"name\":\"Home\",\"item\":\"https:\\\/\\\/lisbonpubliclaw.pt\\\/\"},{\"@type\":\"ListItem\",\"position\":2,\"name\":\"Not\u00edcias\",\"item\":\"https:\\\/\\\/lisbonpubliclaw.pt\\\/noticias\\\/\"},{\"@type\":\"ListItem\",\"position\":3,\"name\":\"Media | Artigo | Gon\u00e7alo Fabi\u00e3o para jornal P\u00fablico\"}]},{\"@type\":\"WebSite\",\"@id\":\"https:\\\/\\\/lisbonpubliclaw.pt\\\/#website\",\"url\":\"https:\\\/\\\/lisbonpubliclaw.pt\\\/\",\"name\":\"Lisbon Public Law\",\"description\":\"Public Law Research Centre in Lisbon\",\"publisher\":{\"@id\":\"https:\\\/\\\/lisbonpubliclaw.pt\\\/#organization\"},\"potentialAction\":[{\"@type\":\"SearchAction\",\"target\":{\"@type\":\"EntryPoint\",\"urlTemplate\":\"https:\\\/\\\/lisbonpubliclaw.pt\\\/?s={search_term_string}\"},\"query-input\":{\"@type\":\"PropertyValueSpecification\",\"valueRequired\":true,\"valueName\":\"search_term_string\"}}],\"inLanguage\":\"en-US\"},{\"@type\":\"Organization\",\"@id\":\"https:\\\/\\\/lisbonpubliclaw.pt\\\/#organization\",\"name\":\"Lisbon Public Law\",\"url\":\"https:\\\/\\\/lisbonpubliclaw.pt\\\/\",\"logo\":{\"@type\":\"ImageObject\",\"inLanguage\":\"en-US\",\"@id\":\"https:\\\/\\\/lisbonpubliclaw.pt\\\/#\\\/schema\\\/logo\\\/image\\\/\",\"url\":\"https:\\\/\\\/lisbonpubliclaw.pt\\\/wp-content\\\/uploads\\\/2023\\\/06\\\/WhatsApp-Image-2023-06-19-at-11.01.50-1.jpeg\",\"contentUrl\":\"https:\\\/\\\/lisbonpubliclaw.pt\\\/wp-content\\\/uploads\\\/2023\\\/06\\\/WhatsApp-Image-2023-06-19-at-11.01.50-1.jpeg\",\"width\":354,\"height\":354,\"caption\":\"Lisbon Public Law\"},\"image\":{\"@id\":\"https:\\\/\\\/lisbonpubliclaw.pt\\\/#\\\/schema\\\/logo\\\/image\\\/\"}}]}<\/script>\n<!-- \/ Yoast SEO plugin. -->","yoast_head_json":{"title":"Media | Artigo | Gon\u00e7alo Fabi\u00e3o para jornal P\u00fablico - Lisbon Public Law","robots":{"index":"index","follow":"follow","max-snippet":"max-snippet:-1","max-image-preview":"max-image-preview:large","max-video-preview":"max-video-preview:-1"},"canonical":"https:\/\/lisbonpubliclaw.pt\/en\/noticias\/media-artigo-goncalo-fabiao-para-jornal-publico\/","og_locale":"en_US","og_type":"article","og_title":"Media | Artigo | Gon\u00e7alo Fabi\u00e3o para jornal P\u00fablico - Lisbon Public Law","og_description":"O investigador do LPL, Gon&ccedil;alo Fabi&atilde;o, comenta no P&uacute;blico o papel do Tribunal Constitucional no controlo das justifica&ccedil;&otilde;es apresentadas pelo Estado na restri&ccedil;&atilde;o de direitos fundamentais de imigrantes em Portugal. Leia o artigo completo AQUI","og_url":"https:\/\/lisbonpubliclaw.pt\/en\/noticias\/media-artigo-goncalo-fabiao-para-jornal-publico\/","og_site_name":"Lisbon Public Law","article_modified_time":"2025-09-02T10:48:50+00:00","twitter_card":"summary_large_image","twitter_misc":{"Est. reading time":"1 minute"},"schema":{"@context":"https:\/\/schema.org","@graph":[{"@type":"WebPage","@id":"https:\/\/lisbonpubliclaw.pt\/noticias\/media-artigo-goncalo-fabiao-para-jornal-publico\/","url":"https:\/\/lisbonpubliclaw.pt\/noticias\/media-artigo-goncalo-fabiao-para-jornal-publico\/","name":"Media | Artigo | Gon\u00e7alo Fabi\u00e3o para jornal P\u00fablico - Lisbon Public Law","isPartOf":{"@id":"https:\/\/lisbonpubliclaw.pt\/#website"},"datePublished":"2025-08-21T16:35:59+00:00","dateModified":"2025-09-02T10:48:50+00:00","breadcrumb":{"@id":"https:\/\/lisbonpubliclaw.pt\/noticias\/media-artigo-goncalo-fabiao-para-jornal-publico\/#breadcrumb"},"inLanguage":"en-US","potentialAction":[{"@type":"ReadAction","target":["https:\/\/lisbonpubliclaw.pt\/noticias\/media-artigo-goncalo-fabiao-para-jornal-publico\/"]}]},{"@type":"BreadcrumbList","@id":"https:\/\/lisbonpubliclaw.pt\/noticias\/media-artigo-goncalo-fabiao-para-jornal-publico\/#breadcrumb","itemListElement":[{"@type":"ListItem","position":1,"name":"Home","item":"https:\/\/lisbonpubliclaw.pt\/"},{"@type":"ListItem","position":2,"name":"Not\u00edcias","item":"https:\/\/lisbonpubliclaw.pt\/noticias\/"},{"@type":"ListItem","position":3,"name":"Media | Artigo | Gon\u00e7alo Fabi\u00e3o para jornal P\u00fablico"}]},{"@type":"WebSite","@id":"https:\/\/lisbonpubliclaw.pt\/#website","url":"https:\/\/lisbonpubliclaw.pt\/","name":"Lisbon Public Law","description":"Public Law Research Centre in Lisbon","publisher":{"@id":"https:\/\/lisbonpubliclaw.pt\/#organization"},"potentialAction":[{"@type":"SearchAction","target":{"@type":"EntryPoint","urlTemplate":"https:\/\/lisbonpubliclaw.pt\/?s={search_term_string}"},"query-input":{"@type":"PropertyValueSpecification","valueRequired":true,"valueName":"search_term_string"}}],"inLanguage":"en-US"},{"@type":"Organization","@id":"https:\/\/lisbonpubliclaw.pt\/#organization","name":"Lisbon Public Law","url":"https:\/\/lisbonpubliclaw.pt\/","logo":{"@type":"ImageObject","inLanguage":"en-US","@id":"https:\/\/lisbonpubliclaw.pt\/#\/schema\/logo\/image\/","url":"https:\/\/lisbonpubliclaw.pt\/wp-content\/uploads\/2023\/06\/WhatsApp-Image-2023-06-19-at-11.01.50-1.jpeg","contentUrl":"https:\/\/lisbonpubliclaw.pt\/wp-content\/uploads\/2023\/06\/WhatsApp-Image-2023-06-19-at-11.01.50-1.jpeg","width":354,"height":354,"caption":"Lisbon Public Law"},"image":{"@id":"https:\/\/lisbonpubliclaw.pt\/#\/schema\/logo\/image\/"}}]}},"_links":{"self":[{"href":"https:\/\/lisbonpubliclaw.pt\/en\/wp-json\/wp\/v2\/noticias\/10778","targetHints":{"allow":["GET"]}}],"collection":[{"href":"https:\/\/lisbonpubliclaw.pt\/en\/wp-json\/wp\/v2\/noticias"}],"about":[{"href":"https:\/\/lisbonpubliclaw.pt\/en\/wp-json\/wp\/v2\/types\/noticias"}],"wp:attachment":[{"href":"https:\/\/lisbonpubliclaw.pt\/en\/wp-json\/wp\/v2\/media?parent=10778"}],"wp:term":[{"taxonomy":"cluster","embeddable":true,"href":"https:\/\/lisbonpubliclaw.pt\/en\/wp-json\/wp\/v2\/cluster?post=10778"},{"taxonomy":"grupo-de-investigacao","embeddable":true,"href":"https:\/\/lisbonpubliclaw.pt\/en\/wp-json\/wp\/v2\/grupo-de-investigacao?post=10778"}],"curies":[{"name":"wp","href":"https:\/\/api.w.org\/{rel}","templated":true}]}}