{"id":10635,"date":"2025-07-16T11:19:46","date_gmt":"2025-07-16T11:19:46","guid":{"rendered":"https:\/\/lisbonpubliclaw.pt\/?post_type=noticias&#038;p=10635"},"modified":"2025-07-30T16:03:49","modified_gmt":"2025-07-30T16:03:49","slug":"xiii-forum-de-lisboa","status":"publish","type":"noticias","link":"https:\/\/lisbonpubliclaw.pt\/en\/noticias\/xiii-forum-de-lisboa\/","title":{"rendered":"Aconteceu | XIII F\u00f3rum de Lisboa"},"content":{"rendered":"<p style=\"text-align: justify;\" class=\"translation-block\"><p style=\"text-align: justify\">Lisbon Public Law organised another Lisbon Forum, in partnership with IDP - Instituto de Desenvolvimento e Pesquisa and FGV - Funda\u00e7\u00e3o Getulio Vargas, at the Lisbon School of Law and the University of Lisbon.<\/p><\/p>\n<p style=\"text-align: justify;\">The event attracted over 3,000 registrants and dozens of speakers, leaders and experts from Portugal, Brazil and other countries to discuss the impact of new technologies, social challenges and the economic future.<br \/>Under the theme \u2018The World in Transformation \u2014 Law, Democracy and Sustainability in the Intelligent Age,\u2019 the event reinforced the importance of innovative and collaborative solutions for societies that are more just and prepared for the digital age.<\/p>\n<p style=\"text-align: justify;\"><p style=\"text-align: justify\"><br \/>The Forum is coordinated by LPL coordinator Professor Carlos Blanco de Morais and Supreme Court Justice Gilmar Mendes, with LPL researchers Vitalino Canas, Vladyslava Kaplina and Gon\u00e7alo Carrilho providing executive coordination.<\/p>\n<p style=\"text-align: justify\"><!-- wp:paragraph --><\/p>\n<p>\u00a0<\/p><!-- \/wp:paragraph --><\/p>\n<p style=\"text-align: justify;\">Watch the panels from the three-day event below:&nbsp;<\/p>\n<p style=\"text-align: justify;\"><strong>Primeiro dia<\/strong><\/p>\n<p><iframe title=\"YouTube video player\" src=\"https:\/\/www.youtube.com\/embed\/9HyLeljEkBs?si=iK2p1z53dfaNtj7A\" width=\"545\" height=\"300\" frameborder=\"0\" allowfullscreen=\"allowfullscreen\"><\/iframe><\/p>\n<p><strong>Segundo dia<\/strong><\/p>\n<p><iframe title=\"YouTube video player\" src=\"https:\/\/www.youtube.com\/embed\/a5CeAex7qzQ?si=U7q9wD7R2bIaAQ9j&amp;start=55\" width=\"560\" height=\"315\" frameborder=\"0\" allowfullscreen=\"allowfullscreen\"><\/iframe> <iframe title=\"YouTube video player\" src=\"https:\/\/www.youtube.com\/embed\/qMbJudGVIE8?si=G7EcVHjCCURo_eJd&amp;start=423\" width=\"560\" height=\"315\" frameborder=\"0\" allowfullscreen=\"allowfullscreen\"><\/iframe><\/p>\n<p><strong>Terceiro dia<\/strong><\/p>\n<p><iframe title=\"YouTube video player\" src=\"https:\/\/www.youtube.com\/embed\/pfy34g-dHsw?si=nBsNO7yhVsfm-QO-&amp;start=1148\" width=\"560\" height=\"315\" frameborder=\"0\" allowfullscreen=\"allowfullscreen\"><\/iframe><\/p>\n\n\n\n\n\n<figure class=\"wp-block-gallery has-nested-images columns-2 is-cropped wp-block-gallery-1 is-layout-flex wp-block-gallery-is-layout-flex\">\n<figure class=\"wp-block-image size-full\"><img fetchpriority=\"high\" decoding=\"async\" width=\"1080\" height=\"1350\" data-id=\"10642\" src=\"https:\/\/lisbonpubliclaw.pt\/wp-content\/uploads\/2025\/07\/1.jpg\" alt=\"\" class=\"wp-image-10642\" srcset=\"https:\/\/lisbonpubliclaw.pt\/wp-content\/uploads\/2025\/07\/1.jpg 1080w, https:\/\/lisbonpubliclaw.pt\/wp-content\/uploads\/2025\/07\/1-240x300.jpg 240w, https:\/\/lisbonpubliclaw.pt\/wp-content\/uploads\/2025\/07\/1-819x1024.jpg 819w, https:\/\/lisbonpubliclaw.pt\/wp-content\/uploads\/2025\/07\/1-768x960.jpg 768w, https:\/\/lisbonpubliclaw.pt\/wp-content\/uploads\/2025\/07\/1-10x12.jpg 10w, https:\/\/lisbonpubliclaw.pt\/wp-content\/uploads\/2025\/07\/1-600x750.jpg 600w\" sizes=\"(max-width: 1080px) 100vw, 1080px\" \/><figcaption class=\"wp-element-caption\"><strong>Sess\u00e3o de Abertura<\/strong><\/figcaption><\/figure>\n\n\n\n<figure class=\"wp-block-image size-full\"><img decoding=\"async\" width=\"1080\" height=\"1350\" data-id=\"10648\" src=\"https:\/\/lisbonpubliclaw.pt\/wp-content\/uploads\/2025\/07\/2.jpg\" alt=\"\" class=\"wp-image-10648\" srcset=\"https:\/\/lisbonpubliclaw.pt\/wp-content\/uploads\/2025\/07\/2.jpg 1080w, https:\/\/lisbonpubliclaw.pt\/wp-content\/uploads\/2025\/07\/2-240x300.jpg 240w, https:\/\/lisbonpubliclaw.pt\/wp-content\/uploads\/2025\/07\/2-819x1024.jpg 819w, https:\/\/lisbonpubliclaw.pt\/wp-content\/uploads\/2025\/07\/2-768x960.jpg 768w, https:\/\/lisbonpubliclaw.pt\/wp-content\/uploads\/2025\/07\/2-10x12.jpg 10w, https:\/\/lisbonpubliclaw.pt\/wp-content\/uploads\/2025\/07\/2-600x750.jpg 600w\" sizes=\"(max-width: 1080px) 100vw, 1080px\" \/><figcaption class=\"wp-element-caption\"><strong>Sess\u00e3o de Abertura<\/strong><\/figcaption><\/figure>\n\n\n\n<figure class=\"wp-block-image size-full\"><img decoding=\"async\" width=\"1080\" height=\"1350\" data-id=\"10646\" src=\"https:\/\/lisbonpubliclaw.pt\/wp-content\/uploads\/2025\/07\/3.jpg\" alt=\"\" class=\"wp-image-10646\" srcset=\"https:\/\/lisbonpubliclaw.pt\/wp-content\/uploads\/2025\/07\/3.jpg 1080w, https:\/\/lisbonpubliclaw.pt\/wp-content\/uploads\/2025\/07\/3-240x300.jpg 240w, https:\/\/lisbonpubliclaw.pt\/wp-content\/uploads\/2025\/07\/3-819x1024.jpg 819w, https:\/\/lisbonpubliclaw.pt\/wp-content\/uploads\/2025\/07\/3-768x960.jpg 768w, https:\/\/lisbonpubliclaw.pt\/wp-content\/uploads\/2025\/07\/3-10x12.jpg 10w, https:\/\/lisbonpubliclaw.pt\/wp-content\/uploads\/2025\/07\/3-600x750.jpg 600w\" sizes=\"(max-width: 1080px) 100vw, 1080px\" \/><figcaption class=\"wp-element-caption\"><strong>Sess\u00e3o de Abertura<\/strong><br>Carlos Blanco de Morais<\/figcaption><\/figure>\n\n\n\n<figure class=\"wp-block-image size-full\"><img loading=\"lazy\" decoding=\"async\" width=\"1080\" height=\"1350\" data-id=\"10645\" src=\"https:\/\/lisbonpubliclaw.pt\/wp-content\/uploads\/2025\/07\/4.jpg\" alt=\"\" class=\"wp-image-10645\" srcset=\"https:\/\/lisbonpubliclaw.pt\/wp-content\/uploads\/2025\/07\/4.jpg 1080w, https:\/\/lisbonpubliclaw.pt\/wp-content\/uploads\/2025\/07\/4-240x300.jpg 240w, https:\/\/lisbonpubliclaw.pt\/wp-content\/uploads\/2025\/07\/4-819x1024.jpg 819w, https:\/\/lisbonpubliclaw.pt\/wp-content\/uploads\/2025\/07\/4-768x960.jpg 768w, https:\/\/lisbonpubliclaw.pt\/wp-content\/uploads\/2025\/07\/4-10x12.jpg 10w, https:\/\/lisbonpubliclaw.pt\/wp-content\/uploads\/2025\/07\/4-600x750.jpg 600w\" sizes=\"(max-width: 1080px) 100vw, 1080px\" \/><figcaption class=\"wp-element-caption\">Fernando Dias Menezes de Almeida | Vitalino Canas | Rodrigo Maia | Jorge Viana | Ciro Nogueira | Carlos Blanco de Morais<\/figcaption><\/figure>\n\n\n\n<figure class=\"wp-block-image size-full\"><img loading=\"lazy\" decoding=\"async\" width=\"1080\" height=\"1350\" data-id=\"10649\" src=\"https:\/\/lisbonpubliclaw.pt\/wp-content\/uploads\/2025\/07\/5.jpg\" alt=\"\" class=\"wp-image-10649\" srcset=\"https:\/\/lisbonpubliclaw.pt\/wp-content\/uploads\/2025\/07\/5.jpg 1080w, https:\/\/lisbonpubliclaw.pt\/wp-content\/uploads\/2025\/07\/5-240x300.jpg 240w, https:\/\/lisbonpubliclaw.pt\/wp-content\/uploads\/2025\/07\/5-819x1024.jpg 819w, https:\/\/lisbonpubliclaw.pt\/wp-content\/uploads\/2025\/07\/5-768x960.jpg 768w, https:\/\/lisbonpubliclaw.pt\/wp-content\/uploads\/2025\/07\/5-10x12.jpg 10w, https:\/\/lisbonpubliclaw.pt\/wp-content\/uploads\/2025\/07\/5-600x750.jpg 600w\" sizes=\"(max-width: 1080px) 100vw, 1080px\" \/><figcaption class=\"wp-element-caption\"> Pedro Sanchez | Hugo Motta | Gilmar Ferreira Mendes<\/figcaption><\/figure>\n\n\n\n<figure class=\"wp-block-image size-full\"><img loading=\"lazy\" decoding=\"async\" width=\"1080\" height=\"1350\" data-id=\"10652\" src=\"https:\/\/lisbonpubliclaw.pt\/wp-content\/uploads\/2025\/07\/6.jpg\" alt=\"\" class=\"wp-image-10652\" srcset=\"https:\/\/lisbonpubliclaw.pt\/wp-content\/uploads\/2025\/07\/6.jpg 1080w, https:\/\/lisbonpubliclaw.pt\/wp-content\/uploads\/2025\/07\/6-240x300.jpg 240w, https:\/\/lisbonpubliclaw.pt\/wp-content\/uploads\/2025\/07\/6-819x1024.jpg 819w, https:\/\/lisbonpubliclaw.pt\/wp-content\/uploads\/2025\/07\/6-768x960.jpg 768w, https:\/\/lisbonpubliclaw.pt\/wp-content\/uploads\/2025\/07\/6-10x12.jpg 10w, https:\/\/lisbonpubliclaw.pt\/wp-content\/uploads\/2025\/07\/6-600x750.jpg 600w\" sizes=\"(max-width: 1080px) 100vw, 1080px\" \/><figcaption class=\"wp-element-caption\">Ant\u00f3nio Jos\u00e9 Seguro<\/figcaption><\/figure>\n\n\n\n<figure class=\"wp-block-image size-full\"><img loading=\"lazy\" decoding=\"async\" width=\"1080\" height=\"1350\" data-id=\"10655\" src=\"https:\/\/lisbonpubliclaw.pt\/wp-content\/uploads\/2025\/07\/7.jpg\" alt=\"\" class=\"wp-image-10655\" srcset=\"https:\/\/lisbonpubliclaw.pt\/wp-content\/uploads\/2025\/07\/7.jpg 1080w, https:\/\/lisbonpubliclaw.pt\/wp-content\/uploads\/2025\/07\/7-240x300.jpg 240w, https:\/\/lisbonpubliclaw.pt\/wp-content\/uploads\/2025\/07\/7-819x1024.jpg 819w, https:\/\/lisbonpubliclaw.pt\/wp-content\/uploads\/2025\/07\/7-768x960.jpg 768w, https:\/\/lisbonpubliclaw.pt\/wp-content\/uploads\/2025\/07\/7-10x12.jpg 10w, https:\/\/lisbonpubliclaw.pt\/wp-content\/uploads\/2025\/07\/7-600x750.jpg 600w\" sizes=\"(max-width: 1080px) 100vw, 1080px\" \/><figcaption class=\"wp-element-caption\">Ricardo Lewandowski<\/figcaption><\/figure>\n\n\n\n<figure class=\"wp-block-image size-full\"><img loading=\"lazy\" decoding=\"async\" width=\"1080\" height=\"1350\" data-id=\"10657\" src=\"https:\/\/lisbonpubliclaw.pt\/wp-content\/uploads\/2025\/07\/8.jpg\" alt=\"\" class=\"wp-image-10657\" srcset=\"https:\/\/lisbonpubliclaw.pt\/wp-content\/uploads\/2025\/07\/8.jpg 1080w, https:\/\/lisbonpubliclaw.pt\/wp-content\/uploads\/2025\/07\/8-240x300.jpg 240w, https:\/\/lisbonpubliclaw.pt\/wp-content\/uploads\/2025\/07\/8-819x1024.jpg 819w, https:\/\/lisbonpubliclaw.pt\/wp-content\/uploads\/2025\/07\/8-768x960.jpg 768w, https:\/\/lisbonpubliclaw.pt\/wp-content\/uploads\/2025\/07\/8-10x12.jpg 10w, https:\/\/lisbonpubliclaw.pt\/wp-content\/uploads\/2025\/07\/8-600x750.jpg 600w\" sizes=\"(max-width: 1080px) 100vw, 1080px\" \/><figcaption class=\"wp-element-caption\">Helo\u00edsa Oliveira<\/figcaption><\/figure>\n\n\n\n<figure class=\"wp-block-image size-full\"><img loading=\"lazy\" decoding=\"async\" width=\"1080\" height=\"1350\" data-id=\"10644\" src=\"https:\/\/lisbonpubliclaw.pt\/wp-content\/uploads\/2025\/07\/9.jpg\" alt=\"\" class=\"wp-image-10644\" srcset=\"https:\/\/lisbonpubliclaw.pt\/wp-content\/uploads\/2025\/07\/9.jpg 1080w, https:\/\/lisbonpubliclaw.pt\/wp-content\/uploads\/2025\/07\/9-240x300.jpg 240w, https:\/\/lisbonpubliclaw.pt\/wp-content\/uploads\/2025\/07\/9-819x1024.jpg 819w, https:\/\/lisbonpubliclaw.pt\/wp-content\/uploads\/2025\/07\/9-768x960.jpg 768w, https:\/\/lisbonpubliclaw.pt\/wp-content\/uploads\/2025\/07\/9-10x12.jpg 10w, https:\/\/lisbonpubliclaw.pt\/wp-content\/uploads\/2025\/07\/9-600x750.jpg 600w\" sizes=\"(max-width: 1080px) 100vw, 1080px\" \/><figcaption class=\"wp-element-caption\">Lu\u00eds Roberto Barroso<\/figcaption><\/figure>\n\n\n\n<figure class=\"wp-block-image size-full\"><img loading=\"lazy\" decoding=\"async\" width=\"1080\" height=\"1350\" data-id=\"10659\" src=\"https:\/\/lisbonpubliclaw.pt\/wp-content\/uploads\/2025\/07\/10.jpg\" alt=\"\" class=\"wp-image-10659\" srcset=\"https:\/\/lisbonpubliclaw.pt\/wp-content\/uploads\/2025\/07\/10.jpg 1080w, https:\/\/lisbonpubliclaw.pt\/wp-content\/uploads\/2025\/07\/10-240x300.jpg 240w, https:\/\/lisbonpubliclaw.pt\/wp-content\/uploads\/2025\/07\/10-819x1024.jpg 819w, https:\/\/lisbonpubliclaw.pt\/wp-content\/uploads\/2025\/07\/10-768x960.jpg 768w, https:\/\/lisbonpubliclaw.pt\/wp-content\/uploads\/2025\/07\/10-10x12.jpg 10w, https:\/\/lisbonpubliclaw.pt\/wp-content\/uploads\/2025\/07\/10-600x750.jpg 600w\" sizes=\"(max-width: 1080px) 100vw, 1080px\" \/><figcaption class=\"wp-element-caption\">Lu\u00eds Marques Mendes<\/figcaption><\/figure>\n\n\n\n<figure class=\"wp-block-image size-full\"><img loading=\"lazy\" decoding=\"async\" width=\"1080\" height=\"1350\" data-id=\"10641\" src=\"https:\/\/lisbonpubliclaw.pt\/wp-content\/uploads\/2025\/07\/11.jpg\" alt=\"\" class=\"wp-image-10641\" srcset=\"https:\/\/lisbonpubliclaw.pt\/wp-content\/uploads\/2025\/07\/11.jpg 1080w, https:\/\/lisbonpubliclaw.pt\/wp-content\/uploads\/2025\/07\/11-240x300.jpg 240w, https:\/\/lisbonpubliclaw.pt\/wp-content\/uploads\/2025\/07\/11-819x1024.jpg 819w, https:\/\/lisbonpubliclaw.pt\/wp-content\/uploads\/2025\/07\/11-768x960.jpg 768w, https:\/\/lisbonpubliclaw.pt\/wp-content\/uploads\/2025\/07\/11-10x12.jpg 10w, https:\/\/lisbonpubliclaw.pt\/wp-content\/uploads\/2025\/07\/11-600x750.jpg 600w\" sizes=\"(max-width: 1080px) 100vw, 1080px\" \/><figcaption class=\"wp-element-caption\">Rui Tavares Lanceiro | Gon\u00e7alo Carrilho | Marcos Pereira | Jo\u00e3o Trindade Cavalcante Filho | Victor Marcel Pinheiro | Iure Castro | Atal\u00e1 Correia<\/figcaption><\/figure>\n\n\n\n<figure class=\"wp-block-image size-full\"><img loading=\"lazy\" decoding=\"async\" width=\"1080\" height=\"1350\" data-id=\"10640\" src=\"https:\/\/lisbonpubliclaw.pt\/wp-content\/uploads\/2025\/07\/12.jpg\" alt=\"\" class=\"wp-image-10640\" srcset=\"https:\/\/lisbonpubliclaw.pt\/wp-content\/uploads\/2025\/07\/12.jpg 1080w, https:\/\/lisbonpubliclaw.pt\/wp-content\/uploads\/2025\/07\/12-240x300.jpg 240w, https:\/\/lisbonpubliclaw.pt\/wp-content\/uploads\/2025\/07\/12-819x1024.jpg 819w, https:\/\/lisbonpubliclaw.pt\/wp-content\/uploads\/2025\/07\/12-768x960.jpg 768w, https:\/\/lisbonpubliclaw.pt\/wp-content\/uploads\/2025\/07\/12-10x12.jpg 10w, https:\/\/lisbonpubliclaw.pt\/wp-content\/uploads\/2025\/07\/12-600x750.jpg 600w\" sizes=\"(max-width: 1080px) 100vw, 1080px\" \/><figcaption class=\"wp-element-caption\">Manoel Gon\u00e7alves Ferreira Filho<\/figcaption><\/figure>\n\n\n\n<figure class=\"wp-block-image size-full\"><img loading=\"lazy\" decoding=\"async\" width=\"1080\" height=\"1350\" data-id=\"10656\" src=\"https:\/\/lisbonpubliclaw.pt\/wp-content\/uploads\/2025\/07\/13.jpg\" alt=\"\" class=\"wp-image-10656\" srcset=\"https:\/\/lisbonpubliclaw.pt\/wp-content\/uploads\/2025\/07\/13.jpg 1080w, https:\/\/lisbonpubliclaw.pt\/wp-content\/uploads\/2025\/07\/13-240x300.jpg 240w, https:\/\/lisbonpubliclaw.pt\/wp-content\/uploads\/2025\/07\/13-819x1024.jpg 819w, https:\/\/lisbonpubliclaw.pt\/wp-content\/uploads\/2025\/07\/13-768x960.jpg 768w, https:\/\/lisbonpubliclaw.pt\/wp-content\/uploads\/2025\/07\/13-10x12.jpg 10w, https:\/\/lisbonpubliclaw.pt\/wp-content\/uploads\/2025\/07\/13-600x750.jpg 600w\" sizes=\"(max-width: 1080px) 100vw, 1080px\" \/><figcaption class=\"wp-element-caption\">Ana Rita Gil | Cristina Rodrigues | Gon\u00e7alo Carrilho | Nuno Pi\u00e7arra<\/figcaption><\/figure>\n\n\n\n<figure class=\"wp-block-image size-full\"><img loading=\"lazy\" decoding=\"async\" width=\"1080\" height=\"1350\" data-id=\"10658\" src=\"https:\/\/lisbonpubliclaw.pt\/wp-content\/uploads\/2025\/07\/14.jpg\" alt=\"\" class=\"wp-image-10658\" srcset=\"https:\/\/lisbonpubliclaw.pt\/wp-content\/uploads\/2025\/07\/14.jpg 1080w, https:\/\/lisbonpubliclaw.pt\/wp-content\/uploads\/2025\/07\/14-240x300.jpg 240w, https:\/\/lisbonpubliclaw.pt\/wp-content\/uploads\/2025\/07\/14-819x1024.jpg 819w, https:\/\/lisbonpubliclaw.pt\/wp-content\/uploads\/2025\/07\/14-768x960.jpg 768w, https:\/\/lisbonpubliclaw.pt\/wp-content\/uploads\/2025\/07\/14-10x12.jpg 10w, https:\/\/lisbonpubliclaw.pt\/wp-content\/uploads\/2025\/07\/14-600x750.jpg 600w\" sizes=\"(max-width: 1080px) 100vw, 1080px\" \/><figcaption class=\"wp-element-caption\">Tenente-General Eurico Craveiro | Marcos Perestrelo | Tiago Cardoso Zapater |  Major-general Agostinho Costa | Eduardo Moretti<\/figcaption><\/figure>\n\n\n\n<figure class=\"wp-block-image size-full\"><img loading=\"lazy\" decoding=\"async\" width=\"1080\" height=\"1350\" data-id=\"10650\" src=\"https:\/\/lisbonpubliclaw.pt\/wp-content\/uploads\/2025\/07\/15.jpg\" alt=\"\" class=\"wp-image-10650\" srcset=\"https:\/\/lisbonpubliclaw.pt\/wp-content\/uploads\/2025\/07\/15.jpg 1080w, https:\/\/lisbonpubliclaw.pt\/wp-content\/uploads\/2025\/07\/15-240x300.jpg 240w, https:\/\/lisbonpubliclaw.pt\/wp-content\/uploads\/2025\/07\/15-819x1024.jpg 819w, https:\/\/lisbonpubliclaw.pt\/wp-content\/uploads\/2025\/07\/15-768x960.jpg 768w, https:\/\/lisbonpubliclaw.pt\/wp-content\/uploads\/2025\/07\/15-10x12.jpg 10w, https:\/\/lisbonpubliclaw.pt\/wp-content\/uploads\/2025\/07\/15-600x750.jpg 600w\" sizes=\"(max-width: 1080px) 100vw, 1080px\" \/><figcaption class=\"wp-element-caption\">Tarc\u00edsio de Freitas | Almirante Henrique Gouveia e Melo | Raul Jungmann<\/figcaption><\/figure>\n\n\n\n<figure class=\"wp-block-image size-full\"><img loading=\"lazy\" decoding=\"async\" width=\"1080\" height=\"1350\" data-id=\"10643\" src=\"https:\/\/lisbonpubliclaw.pt\/wp-content\/uploads\/2025\/07\/16.jpg\" alt=\"\" class=\"wp-image-10643\" srcset=\"https:\/\/lisbonpubliclaw.pt\/wp-content\/uploads\/2025\/07\/16.jpg 1080w, https:\/\/lisbonpubliclaw.pt\/wp-content\/uploads\/2025\/07\/16-240x300.jpg 240w, https:\/\/lisbonpubliclaw.pt\/wp-content\/uploads\/2025\/07\/16-819x1024.jpg 819w, https:\/\/lisbonpubliclaw.pt\/wp-content\/uploads\/2025\/07\/16-768x960.jpg 768w, https:\/\/lisbonpubliclaw.pt\/wp-content\/uploads\/2025\/07\/16-10x12.jpg 10w, https:\/\/lisbonpubliclaw.pt\/wp-content\/uploads\/2025\/07\/16-600x750.jpg 600w\" sizes=\"(max-width: 1080px) 100vw, 1080px\" \/><figcaption class=\"wp-element-caption\">Tarc\u00edsio de Freitas | Almirante Henrique Gouveia e Melo | Raul Jungmann<\/figcaption><\/figure>\n\n\n\n<figure class=\"wp-block-image size-full\"><img loading=\"lazy\" decoding=\"async\" width=\"1080\" height=\"1350\" data-id=\"10654\" src=\"https:\/\/lisbonpubliclaw.pt\/wp-content\/uploads\/2025\/07\/17.jpg\" alt=\"\" class=\"wp-image-10654\" srcset=\"https:\/\/lisbonpubliclaw.pt\/wp-content\/uploads\/2025\/07\/17.jpg 1080w, https:\/\/lisbonpubliclaw.pt\/wp-content\/uploads\/2025\/07\/17-240x300.jpg 240w, https:\/\/lisbonpubliclaw.pt\/wp-content\/uploads\/2025\/07\/17-819x1024.jpg 819w, https:\/\/lisbonpubliclaw.pt\/wp-content\/uploads\/2025\/07\/17-768x960.jpg 768w, https:\/\/lisbonpubliclaw.pt\/wp-content\/uploads\/2025\/07\/17-10x12.jpg 10w, https:\/\/lisbonpubliclaw.pt\/wp-content\/uploads\/2025\/07\/17-600x750.jpg 600w\" sizes=\"(max-width: 1080px) 100vw, 1080px\" \/><figcaption class=\"wp-element-caption\">Francisco de Abreu Duarte | Edoardo Celeste | Miguel Nogueira de Brito | Bruno Miragem | M\u00f4nica Fujimoto<\/figcaption><\/figure>\n\n\n\n<figure class=\"wp-block-image size-full\"><img loading=\"lazy\" decoding=\"async\" width=\"1080\" height=\"1350\" data-id=\"10647\" src=\"https:\/\/lisbonpubliclaw.pt\/wp-content\/uploads\/2025\/07\/18.jpg\" alt=\"Jos\u00e9 Jo\u00e3o Abrantes | Michel Temer | Gon\u00e7alo de Almeida Ribeiro | Marcus Vinicius Furtado Co\u00ealho | Manuellita Hermes | Gustavo Binenbojm | Paulo Cesar Salom\u00e3o Filho\" class=\"wp-image-10647\" srcset=\"https:\/\/lisbonpubliclaw.pt\/wp-content\/uploads\/2025\/07\/18.jpg 1080w, https:\/\/lisbonpubliclaw.pt\/wp-content\/uploads\/2025\/07\/18-240x300.jpg 240w, https:\/\/lisbonpubliclaw.pt\/wp-content\/uploads\/2025\/07\/18-819x1024.jpg 819w, https:\/\/lisbonpubliclaw.pt\/wp-content\/uploads\/2025\/07\/18-768x960.jpg 768w, https:\/\/lisbonpubliclaw.pt\/wp-content\/uploads\/2025\/07\/18-10x12.jpg 10w, https:\/\/lisbonpubliclaw.pt\/wp-content\/uploads\/2025\/07\/18-600x750.jpg 600w\" sizes=\"(max-width: 1080px) 100vw, 1080px\" \/><figcaption class=\"wp-element-caption\">Jos\u00e9 Jo\u00e3o Abrantes | Michel Temer | Gon\u00e7alo de Almeida Ribeiro<\/figcaption><\/figure>\n\n\n\n<figure class=\"wp-block-image size-full\"><img loading=\"lazy\" decoding=\"async\" width=\"1080\" height=\"1350\" data-id=\"10653\" src=\"https:\/\/lisbonpubliclaw.pt\/wp-content\/uploads\/2025\/07\/19.jpg\" alt=\"\" class=\"wp-image-10653\" srcset=\"https:\/\/lisbonpubliclaw.pt\/wp-content\/uploads\/2025\/07\/19.jpg 1080w, https:\/\/lisbonpubliclaw.pt\/wp-content\/uploads\/2025\/07\/19-240x300.jpg 240w, https:\/\/lisbonpubliclaw.pt\/wp-content\/uploads\/2025\/07\/19-819x1024.jpg 819w, https:\/\/lisbonpubliclaw.pt\/wp-content\/uploads\/2025\/07\/19-768x960.jpg 768w, https:\/\/lisbonpubliclaw.pt\/wp-content\/uploads\/2025\/07\/19-10x12.jpg 10w, https:\/\/lisbonpubliclaw.pt\/wp-content\/uploads\/2025\/07\/19-600x750.jpg 600w\" sizes=\"(max-width: 1080px) 100vw, 1080px\" \/><figcaption class=\"wp-element-caption\">Eduardo Vera-Cruz Pinto | Carlos Blanco de Morais | Gilmar Ferreira Mendes | Luis Felipe Salom\u00e3o | Tabata Amaral<\/figcaption><\/figure>\n\n\n\n<figure class=\"wp-block-image size-full\"><img loading=\"lazy\" decoding=\"async\" width=\"1080\" height=\"1350\" data-id=\"10651\" src=\"https:\/\/lisbonpubliclaw.pt\/wp-content\/uploads\/2025\/07\/20.jpg\" alt=\"\" class=\"wp-image-10651\" srcset=\"https:\/\/lisbonpubliclaw.pt\/wp-content\/uploads\/2025\/07\/20.jpg 1080w, https:\/\/lisbonpubliclaw.pt\/wp-content\/uploads\/2025\/07\/20-240x300.jpg 240w, https:\/\/lisbonpubliclaw.pt\/wp-content\/uploads\/2025\/07\/20-819x1024.jpg 819w, https:\/\/lisbonpubliclaw.pt\/wp-content\/uploads\/2025\/07\/20-768x960.jpg 768w, https:\/\/lisbonpubliclaw.pt\/wp-content\/uploads\/2025\/07\/20-10x12.jpg 10w, https:\/\/lisbonpubliclaw.pt\/wp-content\/uploads\/2025\/07\/20-600x750.jpg 600w\" sizes=\"(max-width: 1080px) 100vw, 1080px\" \/><figcaption class=\"wp-element-caption\">Equipa Lisbon Public Law <\/figcaption><\/figure>\n<\/figure>\n\n\n\n<div class=\"wp-block-columns are-vertically-aligned-center is-layout-flex wp-container-core-columns-is-layout-9d6595d7 wp-block-columns-is-layout-flex\">\n<div class=\"wp-block-column is-layout-flow wp-block-column-is-layout-flow\" style=\"flex-basis:76.92%\"><\/div>\n<\/div>\n\n\n\n<p><\/p>","protected":false},"template":"","meta":[],"cluster":[],"grupo-de-investigacao":[],"class_list":["post-10635","noticias","type-noticias","status-publish","hentry"],"yoast_head":"<!-- This site is optimized with the Yoast SEO plugin v27.5 - https:\/\/yoast.com\/product\/yoast-seo-wordpress\/ -->\n<title>Aconteceu | XIII F\u00f3rum de Lisboa - Lisbon Public Law<\/title>\n<meta name=\"description\" content=\"Chegou ao fim mais uma edi\u00e7\u00e3o do F\u00f3rum de Lisboa, organizado pelo Lisbon Public Law em parceria com o IDP e a FGV, na FDUL e na Universidade de Lisboa.\" \/>\n<meta name=\"robots\" content=\"index, follow, max-snippet:-1, max-image-preview:large, max-video-preview:-1\" \/>\n<link rel=\"canonical\" href=\"https:\/\/lisbonpubliclaw.pt\/en\/noticias\/xiii-forum-de-lisboa\/\" \/>\n<meta property=\"og:locale\" content=\"en_US\" \/>\n<meta property=\"og:type\" content=\"article\" \/>\n<meta property=\"og:title\" content=\"Aconteceu | XIII F\u00f3rum de Lisboa - Lisbon Public Law\" \/>\n<meta property=\"og:description\" content=\"Chegou ao fim mais uma edi\u00e7\u00e3o do F\u00f3rum de Lisboa, organizado pelo Lisbon Public Law em parceria com o IDP e a FGV, na FDUL e na Universidade de Lisboa.\" \/>\n<meta property=\"og:url\" content=\"https:\/\/lisbonpubliclaw.pt\/en\/noticias\/xiii-forum-de-lisboa\/\" \/>\n<meta property=\"og:site_name\" content=\"Lisbon Public Law\" \/>\n<meta property=\"article:modified_time\" content=\"2025-07-30T16:03:49+00:00\" \/>\n<meta property=\"og:image\" content=\"https:\/\/lisbonpubliclaw.pt\/wp-content\/uploads\/2025\/07\/1.jpg\" \/>\n\t<meta property=\"og:image:width\" content=\"1080\" \/>\n\t<meta property=\"og:image:height\" content=\"1350\" \/>\n\t<meta property=\"og:image:type\" content=\"image\/jpeg\" \/>\n<meta name=\"twitter:card\" content=\"summary_large_image\" \/>\n<meta name=\"twitter:label1\" content=\"Est. reading time\" \/>\n\t<meta name=\"twitter:data1\" content=\"7 minutes\" \/>\n<script type=\"application\/ld+json\" class=\"yoast-schema-graph\">{\"@context\":\"https:\\\/\\\/schema.org\",\"@graph\":[{\"@type\":\"WebPage\",\"@id\":\"https:\\\/\\\/lisbonpubliclaw.pt\\\/noticias\\\/xiii-forum-de-lisboa\\\/\",\"url\":\"https:\\\/\\\/lisbonpubliclaw.pt\\\/noticias\\\/xiii-forum-de-lisboa\\\/\",\"name\":\"Aconteceu | XIII F\u00f3rum de Lisboa - Lisbon Public Law\",\"isPartOf\":{\"@id\":\"https:\\\/\\\/lisbonpubliclaw.pt\\\/#website\"},\"primaryImageOfPage\":{\"@id\":\"https:\\\/\\\/lisbonpubliclaw.pt\\\/noticias\\\/xiii-forum-de-lisboa\\\/#primaryimage\"},\"image\":{\"@id\":\"https:\\\/\\\/lisbonpubliclaw.pt\\\/noticias\\\/xiii-forum-de-lisboa\\\/#primaryimage\"},\"thumbnailUrl\":\"https:\\\/\\\/lisbonpubliclaw.pt\\\/wp-content\\\/uploads\\\/2025\\\/07\\\/1.jpg\",\"datePublished\":\"2025-07-16T11:19:46+00:00\",\"dateModified\":\"2025-07-30T16:03:49+00:00\",\"description\":\"Chegou ao fim mais uma edi\u00e7\u00e3o do F\u00f3rum de Lisboa, organizado pelo Lisbon Public Law em parceria com o IDP e a FGV, na FDUL e na Universidade de Lisboa.\",\"breadcrumb\":{\"@id\":\"https:\\\/\\\/lisbonpubliclaw.pt\\\/noticias\\\/xiii-forum-de-lisboa\\\/#breadcrumb\"},\"inLanguage\":\"en-US\",\"potentialAction\":[{\"@type\":\"ReadAction\",\"target\":[\"https:\\\/\\\/lisbonpubliclaw.pt\\\/noticias\\\/xiii-forum-de-lisboa\\\/\"]}]},{\"@type\":\"ImageObject\",\"inLanguage\":\"en-US\",\"@id\":\"https:\\\/\\\/lisbonpubliclaw.pt\\\/noticias\\\/xiii-forum-de-lisboa\\\/#primaryimage\",\"url\":\"https:\\\/\\\/lisbonpubliclaw.pt\\\/wp-content\\\/uploads\\\/2025\\\/07\\\/1.jpg\",\"contentUrl\":\"https:\\\/\\\/lisbonpubliclaw.pt\\\/wp-content\\\/uploads\\\/2025\\\/07\\\/1.jpg\"},{\"@type\":\"BreadcrumbList\",\"@id\":\"https:\\\/\\\/lisbonpubliclaw.pt\\\/noticias\\\/xiii-forum-de-lisboa\\\/#breadcrumb\",\"itemListElement\":[{\"@type\":\"ListItem\",\"position\":1,\"name\":\"Home\",\"item\":\"https:\\\/\\\/lisbonpubliclaw.pt\\\/\"},{\"@type\":\"ListItem\",\"position\":2,\"name\":\"Not\u00edcias\",\"item\":\"https:\\\/\\\/lisbonpubliclaw.pt\\\/noticias\\\/\"},{\"@type\":\"ListItem\",\"position\":3,\"name\":\"Aconteceu | XIII F\u00f3rum de Lisboa\"}]},{\"@type\":\"WebSite\",\"@id\":\"https:\\\/\\\/lisbonpubliclaw.pt\\\/#website\",\"url\":\"https:\\\/\\\/lisbonpubliclaw.pt\\\/\",\"name\":\"Lisbon Public Law\",\"description\":\"Public Law Research Centre in Lisbon\",\"publisher\":{\"@id\":\"https:\\\/\\\/lisbonpubliclaw.pt\\\/#organization\"},\"potentialAction\":[{\"@type\":\"SearchAction\",\"target\":{\"@type\":\"EntryPoint\",\"urlTemplate\":\"https:\\\/\\\/lisbonpubliclaw.pt\\\/?s={search_term_string}\"},\"query-input\":{\"@type\":\"PropertyValueSpecification\",\"valueRequired\":true,\"valueName\":\"search_term_string\"}}],\"inLanguage\":\"en-US\"},{\"@type\":\"Organization\",\"@id\":\"https:\\\/\\\/lisbonpubliclaw.pt\\\/#organization\",\"name\":\"Lisbon Public Law\",\"url\":\"https:\\\/\\\/lisbonpubliclaw.pt\\\/\",\"logo\":{\"@type\":\"ImageObject\",\"inLanguage\":\"en-US\",\"@id\":\"https:\\\/\\\/lisbonpubliclaw.pt\\\/#\\\/schema\\\/logo\\\/image\\\/\",\"url\":\"https:\\\/\\\/lisbonpubliclaw.pt\\\/wp-content\\\/uploads\\\/2023\\\/06\\\/WhatsApp-Image-2023-06-19-at-11.01.50-1.jpeg\",\"contentUrl\":\"https:\\\/\\\/lisbonpubliclaw.pt\\\/wp-content\\\/uploads\\\/2023\\\/06\\\/WhatsApp-Image-2023-06-19-at-11.01.50-1.jpeg\",\"width\":354,\"height\":354,\"caption\":\"Lisbon Public Law\"},\"image\":{\"@id\":\"https:\\\/\\\/lisbonpubliclaw.pt\\\/#\\\/schema\\\/logo\\\/image\\\/\"}}]}<\/script>\n<!-- \/ Yoast SEO plugin. -->","yoast_head_json":{"title":"Aconteceu | XIII F\u00f3rum de Lisboa - Lisbon Public Law","description":"Chegou ao fim mais uma edi\u00e7\u00e3o do F\u00f3rum de Lisboa, organizado pelo Lisbon Public Law em parceria com o IDP e a FGV, na FDUL e na Universidade de Lisboa.","robots":{"index":"index","follow":"follow","max-snippet":"max-snippet:-1","max-image-preview":"max-image-preview:large","max-video-preview":"max-video-preview:-1"},"canonical":"https:\/\/lisbonpubliclaw.pt\/en\/noticias\/xiii-forum-de-lisboa\/","og_locale":"en_US","og_type":"article","og_title":"Aconteceu | XIII F\u00f3rum de Lisboa - Lisbon Public Law","og_description":"Chegou ao fim mais uma edi\u00e7\u00e3o do F\u00f3rum de Lisboa, organizado pelo Lisbon Public Law em parceria com o IDP e a FGV, na FDUL e na Universidade de Lisboa.","og_url":"https:\/\/lisbonpubliclaw.pt\/en\/noticias\/xiii-forum-de-lisboa\/","og_site_name":"Lisbon Public Law","article_modified_time":"2025-07-30T16:03:49+00:00","og_image":[{"width":1080,"height":1350,"url":"https:\/\/lisbonpubliclaw.pt\/wp-content\/uploads\/2025\/07\/1.jpg","type":"image\/jpeg"}],"twitter_card":"summary_large_image","twitter_misc":{"Est. reading time":"7 minutes"},"schema":{"@context":"https:\/\/schema.org","@graph":[{"@type":"WebPage","@id":"https:\/\/lisbonpubliclaw.pt\/noticias\/xiii-forum-de-lisboa\/","url":"https:\/\/lisbonpubliclaw.pt\/noticias\/xiii-forum-de-lisboa\/","name":"Aconteceu | XIII F\u00f3rum de Lisboa - Lisbon Public Law","isPartOf":{"@id":"https:\/\/lisbonpubliclaw.pt\/#website"},"primaryImageOfPage":{"@id":"https:\/\/lisbonpubliclaw.pt\/noticias\/xiii-forum-de-lisboa\/#primaryimage"},"image":{"@id":"https:\/\/lisbonpubliclaw.pt\/noticias\/xiii-forum-de-lisboa\/#primaryimage"},"thumbnailUrl":"https:\/\/lisbonpubliclaw.pt\/wp-content\/uploads\/2025\/07\/1.jpg","datePublished":"2025-07-16T11:19:46+00:00","dateModified":"2025-07-30T16:03:49+00:00","description":"Chegou ao fim mais uma edi\u00e7\u00e3o do F\u00f3rum de Lisboa, organizado pelo Lisbon Public Law em parceria com o IDP e a FGV, na FDUL e na Universidade de Lisboa.","breadcrumb":{"@id":"https:\/\/lisbonpubliclaw.pt\/noticias\/xiii-forum-de-lisboa\/#breadcrumb"},"inLanguage":"en-US","potentialAction":[{"@type":"ReadAction","target":["https:\/\/lisbonpubliclaw.pt\/noticias\/xiii-forum-de-lisboa\/"]}]},{"@type":"ImageObject","inLanguage":"en-US","@id":"https:\/\/lisbonpubliclaw.pt\/noticias\/xiii-forum-de-lisboa\/#primaryimage","url":"https:\/\/lisbonpubliclaw.pt\/wp-content\/uploads\/2025\/07\/1.jpg","contentUrl":"https:\/\/lisbonpubliclaw.pt\/wp-content\/uploads\/2025\/07\/1.jpg"},{"@type":"BreadcrumbList","@id":"https:\/\/lisbonpubliclaw.pt\/noticias\/xiii-forum-de-lisboa\/#breadcrumb","itemListElement":[{"@type":"ListItem","position":1,"name":"Home","item":"https:\/\/lisbonpubliclaw.pt\/"},{"@type":"ListItem","position":2,"name":"Not\u00edcias","item":"https:\/\/lisbonpubliclaw.pt\/noticias\/"},{"@type":"ListItem","position":3,"name":"Aconteceu | XIII F\u00f3rum de Lisboa"}]},{"@type":"WebSite","@id":"https:\/\/lisbonpubliclaw.pt\/#website","url":"https:\/\/lisbonpubliclaw.pt\/","name":"Lisbon Public Law","description":"Public Law Research Centre in Lisbon","publisher":{"@id":"https:\/\/lisbonpubliclaw.pt\/#organization"},"potentialAction":[{"@type":"SearchAction","target":{"@type":"EntryPoint","urlTemplate":"https:\/\/lisbonpubliclaw.pt\/?s={search_term_string}"},"query-input":{"@type":"PropertyValueSpecification","valueRequired":true,"valueName":"search_term_string"}}],"inLanguage":"en-US"},{"@type":"Organization","@id":"https:\/\/lisbonpubliclaw.pt\/#organization","name":"Lisbon Public Law","url":"https:\/\/lisbonpubliclaw.pt\/","logo":{"@type":"ImageObject","inLanguage":"en-US","@id":"https:\/\/lisbonpubliclaw.pt\/#\/schema\/logo\/image\/","url":"https:\/\/lisbonpubliclaw.pt\/wp-content\/uploads\/2023\/06\/WhatsApp-Image-2023-06-19-at-11.01.50-1.jpeg","contentUrl":"https:\/\/lisbonpubliclaw.pt\/wp-content\/uploads\/2023\/06\/WhatsApp-Image-2023-06-19-at-11.01.50-1.jpeg","width":354,"height":354,"caption":"Lisbon Public Law"},"image":{"@id":"https:\/\/lisbonpubliclaw.pt\/#\/schema\/logo\/image\/"}}]}},"_links":{"self":[{"href":"https:\/\/lisbonpubliclaw.pt\/en\/wp-json\/wp\/v2\/noticias\/10635","targetHints":{"allow":["GET"]}}],"collection":[{"href":"https:\/\/lisbonpubliclaw.pt\/en\/wp-json\/wp\/v2\/noticias"}],"about":[{"href":"https:\/\/lisbonpubliclaw.pt\/en\/wp-json\/wp\/v2\/types\/noticias"}],"wp:attachment":[{"href":"https:\/\/lisbonpubliclaw.pt\/en\/wp-json\/wp\/v2\/media?parent=10635"}],"wp:term":[{"taxonomy":"cluster","embeddable":true,"href":"https:\/\/lisbonpubliclaw.pt\/en\/wp-json\/wp\/v2\/cluster?post=10635"},{"taxonomy":"grupo-de-investigacao","embeddable":true,"href":"https:\/\/lisbonpubliclaw.pt\/en\/wp-json\/wp\/v2\/grupo-de-investigacao?post=10635"}],"curies":[{"name":"wp","href":"https:\/\/api.w.org\/{rel}","templated":true}]}}