{"id":11575,"date":"2026-08-07T15:23:52","date_gmt":"2026-08-07T15:23:52","guid":{"rendered":"https:\/\/lisbonpubliclaw.pt\/ecoforce\/news-events\/ecoforce-project-kick-off-meeting\/"},"modified":"2026-08-07T16:16:49","modified_gmt":"2026-08-07T16:16:49","slug":"ecoforce-project-kick-off-meeting","status":"publish","type":"eco_news_event","link":"https:\/\/lisbonpubliclaw.pt\/en\/ecoforce\/noticias-eventos\/ecoforce-project-kick-off-meeting\/","title":{"rendered":"Reuni\u00e3o de arranque do projeto ECOFORCE"},"content":{"rendered":"<div data-elementor-type=\"wp-post\" data-elementor-id=\"11575\" class=\"elementor elementor-11575\" data-elementor-post-type=\"eco_news_event\">\n\t\t\t\t<div class=\"eco-content-single eco-container elementor-element elementor-element-3c894d1e eco-content-single eco-container e-con-full e-flex e-con e-parent\" data-id=\"3c894d1e\" data-element_type=\"container\" data-settings=\"{&quot;jet_parallax_layout_list&quot;:[]}\">\n\t\t\t\t<div class=\"elementor-element elementor-element-b65dc85b eco-content-title eco-bind-post-title elementor-widget elementor-widget-heading\" data-id=\"b65dc85b\" data-element_type=\"widget\" data-widget_type=\"heading.default\">\n\t\t\t\t<div class=\"elementor-widget-container\">\n\t\t\t<h1 class=\"elementor-heading-title elementor-size-default\">Reuni\u00e3o de arranque do projeto ECOFORCE<\/h1>\t\t<\/div>\n\t\t\t\t<\/div>\n\t\t\t\t<div class=\"elementor-element elementor-element-3182d49a eco-content-body eco-bind-post-content elementor-widget elementor-widget-text-editor\" data-id=\"3182d49a\" data-element_type=\"widget\" data-widget_type=\"text-editor.default\">\n\t\t\t\t<div class=\"elementor-widget-container\">\n\t\t\t\t\t\t\tConte\u00fado de demonstra\u00e7\u00e3o edit\u00e1vel. Utilize este espa\u00e7o para apresentar informa\u00e7\u00e3o resumida sobre este elemento do projeto ECOFORCE. Substitua este texto pelo conte\u00fado final quando estiver dispon\u00edvel.\t\t\t\t\t\t<\/div>\n\t\t\t\t<\/div>\n\t\t\t\t<div class=\"elementor-element elementor-element-debdc065 eco-content-excerpt eco-bind-post-excerpt elementor-widget elementor-widget-text-editor\" data-id=\"debdc065\" data-element_type=\"widget\" data-widget_type=\"text-editor.default\">\n\t\t\t\t<div class=\"elementor-widget-container\">\n\t\t\t\t\t\t\tConte\u00fado de demonstra\u00e7\u00e3o para o website ECOFORCE.\t\t\t\t\t\t<\/div>\n\t\t\t\t<\/div>\n\t\t\t\t<div class=\"elementor-element elementor-element-725c3653 eco-content-meta-widget elementor-widget elementor-widget-ecoforce-meta-field\" data-id=\"725c3653\" data-element_type=\"widget\" data-widget_type=\"ecoforce-meta-field.default\">\n\t\t\t\t<div class=\"elementor-widget-container\">\n\t\t\t<p class=\"eco-meta eco-content-detail\"><strong>Tipo de conte\u00fado:<\/strong> news<\/p>\t\t<\/div>\n\t\t\t\t<\/div>\n\t\t\t\t<div class=\"elementor-element elementor-element-2151be99 eco-content-meta-widget elementor-widget elementor-widget-ecoforce-meta-field\" data-id=\"2151be99\" data-element_type=\"widget\" data-widget_type=\"ecoforce-meta-field.default\">\n\t\t\t\t<div class=\"elementor-widget-container\">\n\t\t\t<p class=\"eco-meta eco-content-detail\"><strong>Data:<\/strong> 2026-09-08<\/p>\t\t<\/div>\n\t\t\t\t<\/div>\n\t\t\t\t<div class=\"elementor-element elementor-element-5fcb41c4 eco-content-meta-widget elementor-widget elementor-widget-ecoforce-meta-field\" data-id=\"5fcb41c4\" data-element_type=\"widget\" data-widget_type=\"ecoforce-meta-field.default\">\n\t\t\t\t<div class=\"elementor-widget-container\">\n\t\t\t<p class=\"eco-meta eco-content-detail\"><strong>Localiza\u00e7\u00e3o:<\/strong> Lisbon, Portugal<\/p>\t\t<\/div>\n\t\t\t\t<\/div>\n\t\t\t\t<div class=\"elementor-element elementor-element-659f3e51 eco-content-meta-widget elementor-widget elementor-widget-ecoforce-meta-field\" data-id=\"659f3e51\" data-element_type=\"widget\" data-widget_type=\"ecoforce-meta-field.default\">\n\t\t\t\t<div class=\"elementor-widget-container\">\n\t\t\t<p class=\"eco-meta eco-content-detail\"><strong>URL externo \/ inscri\u00e7\u00e3o:<\/strong> <a href=\"https:\/\/example.org\/\">https:\/\/example.org\/<\/a><\/p>\t\t<\/div>\n\t\t\t\t<\/div>\n\t\t\t\t<\/div>\n\t\t\t\t<\/div>","protected":false},"excerpt":{"rendered":"<p>Conte\u00fado de demonstra\u00e7\u00e3o para o website ECOFORCE.<\/p>","protected":false},"featured_media":0,"menu_order":1,"template":"","class_list":["post-11575","eco_news_event","type-eco_news_event","status-publish","hentry"],"yoast_head":"<!-- This site is optimized with the Yoast SEO plugin v28.2 - https:\/\/yoast.com\/product\/yoast-seo-wordpress\/ -->\n<title>Reuni\u00e3o de arranque do projeto ECOFORCE - Lisbon Public Law<\/title>\n<meta name=\"robots\" content=\"index, follow, max-snippet:-1, max-image-preview:large, max-video-preview:-1\" \/>\n<link rel=\"canonical\" href=\"https:\/\/lisbonpubliclaw.pt\/en\/ecoforce\/noticias-eventos\/ecoforce-project-kick-off-meeting\/\" \/>\n<meta property=\"og:locale\" content=\"en_US\" \/>\n<meta property=\"og:type\" content=\"article\" \/>\n<meta property=\"og:title\" content=\"Reuni\u00e3o de arranque do projeto ECOFORCE - Lisbon Public Law\" \/>\n<meta property=\"og:description\" content=\"Conte\u00fado de demonstra\u00e7\u00e3o para o website ECOFORCE.\" \/>\n<meta property=\"og:url\" content=\"https:\/\/lisbonpubliclaw.pt\/en\/ecoforce\/noticias-eventos\/ecoforce-project-kick-off-meeting\/\" \/>\n<meta property=\"og:site_name\" content=\"Lisbon Public Law\" \/>\n<meta property=\"article:modified_time\" content=\"2026-08-07T16:16:49+00:00\" \/>\n<meta name=\"twitter:card\" content=\"summary_large_image\" \/>\n<script type=\"application\/ld+json\" class=\"yoast-schema-graph\">{\"@context\":\"https:\\\/\\\/schema.org\",\"@graph\":[{\"@type\":\"WebPage\",\"@id\":\"https:\\\/\\\/lisbonpubliclaw.pt\\\/ecoforce\\\/noticias-eventos\\\/ecoforce-project-kick-off-meeting\\\/\",\"url\":\"https:\\\/\\\/lisbonpubliclaw.pt\\\/ecoforce\\\/noticias-eventos\\\/ecoforce-project-kick-off-meeting\\\/\",\"name\":\"Reuni\u00e3o de arranque do projeto ECOFORCE - Lisbon Public Law\",\"isPartOf\":{\"@id\":\"https:\\\/\\\/lisbonpubliclaw.pt\\\/#website\"},\"datePublished\":\"2026-08-07T15:23:52+00:00\",\"dateModified\":\"2026-08-07T16:16:49+00:00\",\"breadcrumb\":{\"@id\":\"https:\\\/\\\/lisbonpubliclaw.pt\\\/ecoforce\\\/noticias-eventos\\\/ecoforce-project-kick-off-meeting\\\/#breadcrumb\"},\"inLanguage\":\"en-US\",\"potentialAction\":[{\"@type\":\"ReadAction\",\"target\":[\"https:\\\/\\\/lisbonpubliclaw.pt\\\/ecoforce\\\/noticias-eventos\\\/ecoforce-project-kick-off-meeting\\\/\"]}]},{\"@type\":\"BreadcrumbList\",\"@id\":\"https:\\\/\\\/lisbonpubliclaw.pt\\\/ecoforce\\\/noticias-eventos\\\/ecoforce-project-kick-off-meeting\\\/#breadcrumb\",\"itemListElement\":[{\"@type\":\"ListItem\",\"position\":1,\"name\":\"Home\",\"item\":\"https:\\\/\\\/lisbonpubliclaw.pt\\\/\"},{\"@type\":\"ListItem\",\"position\":2,\"name\":\"Reuni\u00e3o de arranque do projeto ECOFORCE\"}]},{\"@type\":\"WebSite\",\"@id\":\"https:\\\/\\\/lisbonpubliclaw.pt\\\/#website\",\"url\":\"https:\\\/\\\/lisbonpubliclaw.pt\\\/\",\"name\":\"Lisbon Public Law\",\"description\":\"Public Law Research Centre in Lisbon\",\"publisher\":{\"@id\":\"https:\\\/\\\/lisbonpubliclaw.pt\\\/#organization\"},\"potentialAction\":[{\"@type\":\"SearchAction\",\"target\":{\"@type\":\"EntryPoint\",\"urlTemplate\":\"https:\\\/\\\/lisbonpubliclaw.pt\\\/?s={search_term_string}\"},\"query-input\":{\"@type\":\"PropertyValueSpecification\",\"valueRequired\":true,\"valueName\":\"search_term_string\"}}],\"inLanguage\":\"en-US\"},{\"@type\":\"Organization\",\"@id\":\"https:\\\/\\\/lisbonpubliclaw.pt\\\/#organization\",\"name\":\"Lisbon Public Law\",\"url\":\"https:\\\/\\\/lisbonpubliclaw.pt\\\/\",\"logo\":{\"@type\":\"ImageObject\",\"inLanguage\":\"en-US\",\"@id\":\"https:\\\/\\\/lisbonpubliclaw.pt\\\/#\\\/schema\\\/logo\\\/image\\\/\",\"url\":\"https:\\\/\\\/lisbonpubliclaw.pt\\\/wp-content\\\/uploads\\\/2023\\\/06\\\/WhatsApp-Image-2023-06-19-at-11.01.50-1.jpeg\",\"contentUrl\":\"https:\\\/\\\/lisbonpubliclaw.pt\\\/wp-content\\\/uploads\\\/2023\\\/06\\\/WhatsApp-Image-2023-06-19-at-11.01.50-1.jpeg\",\"width\":354,\"height\":354,\"caption\":\"Lisbon Public Law\"},\"image\":{\"@id\":\"https:\\\/\\\/lisbonpubliclaw.pt\\\/#\\\/schema\\\/logo\\\/image\\\/\"}}]}<\/script>\n<!-- \/ Yoast SEO plugin. -->","yoast_head_json":{"title":"Reuni\u00e3o de arranque do projeto ECOFORCE - Lisbon Public Law","robots":{"index":"index","follow":"follow","max-snippet":"max-snippet:-1","max-image-preview":"max-image-preview:large","max-video-preview":"max-video-preview:-1"},"canonical":"https:\/\/lisbonpubliclaw.pt\/en\/ecoforce\/noticias-eventos\/ecoforce-project-kick-off-meeting\/","og_locale":"en_US","og_type":"article","og_title":"Reuni\u00e3o de arranque do projeto ECOFORCE - Lisbon Public Law","og_description":"Conte\u00fado de demonstra\u00e7\u00e3o para o website ECOFORCE.","og_url":"https:\/\/lisbonpubliclaw.pt\/en\/ecoforce\/noticias-eventos\/ecoforce-project-kick-off-meeting\/","og_site_name":"Lisbon Public Law","article_modified_time":"2026-08-07T16:16:49+00:00","twitter_card":"summary_large_image","schema":{"@context":"https:\/\/schema.org","@graph":[{"@type":"WebPage","@id":"https:\/\/lisbonpubliclaw.pt\/ecoforce\/noticias-eventos\/ecoforce-project-kick-off-meeting\/","url":"https:\/\/lisbonpubliclaw.pt\/ecoforce\/noticias-eventos\/ecoforce-project-kick-off-meeting\/","name":"Reuni\u00e3o de arranque do projeto ECOFORCE - Lisbon Public Law","isPartOf":{"@id":"https:\/\/lisbonpubliclaw.pt\/#website"},"datePublished":"2026-08-07T15:23:52+00:00","dateModified":"2026-08-07T16:16:49+00:00","breadcrumb":{"@id":"https:\/\/lisbonpubliclaw.pt\/ecoforce\/noticias-eventos\/ecoforce-project-kick-off-meeting\/#breadcrumb"},"inLanguage":"en-US","potentialAction":[{"@type":"ReadAction","target":["https:\/\/lisbonpubliclaw.pt\/ecoforce\/noticias-eventos\/ecoforce-project-kick-off-meeting\/"]}]},{"@type":"BreadcrumbList","@id":"https:\/\/lisbonpubliclaw.pt\/ecoforce\/noticias-eventos\/ecoforce-project-kick-off-meeting\/#breadcrumb","itemListElement":[{"@type":"ListItem","position":1,"name":"Home","item":"https:\/\/lisbonpubliclaw.pt\/"},{"@type":"ListItem","position":2,"name":"Reuni\u00e3o de arranque do projeto ECOFORCE"}]},{"@type":"WebSite","@id":"https:\/\/lisbonpubliclaw.pt\/#website","url":"https:\/\/lisbonpubliclaw.pt\/","name":"Lisbon Public Law","description":"Public Law Research Centre in Lisbon","publisher":{"@id":"https:\/\/lisbonpubliclaw.pt\/#organization"},"potentialAction":[{"@type":"SearchAction","target":{"@type":"EntryPoint","urlTemplate":"https:\/\/lisbonpubliclaw.pt\/?s={search_term_string}"},"query-input":{"@type":"PropertyValueSpecification","valueRequired":true,"valueName":"search_term_string"}}],"inLanguage":"en-US"},{"@type":"Organization","@id":"https:\/\/lisbonpubliclaw.pt\/#organization","name":"Lisbon Public Law","url":"https:\/\/lisbonpubliclaw.pt\/","logo":{"@type":"ImageObject","inLanguage":"en-US","@id":"https:\/\/lisbonpubliclaw.pt\/#\/schema\/logo\/image\/","url":"https:\/\/lisbonpubliclaw.pt\/wp-content\/uploads\/2023\/06\/WhatsApp-Image-2023-06-19-at-11.01.50-1.jpeg","contentUrl":"https:\/\/lisbonpubliclaw.pt\/wp-content\/uploads\/2023\/06\/WhatsApp-Image-2023-06-19-at-11.01.50-1.jpeg","width":354,"height":354,"caption":"Lisbon Public Law"},"image":{"@id":"https:\/\/lisbonpubliclaw.pt\/#\/schema\/logo\/image\/"}}]}},"_links":{"self":[{"href":"https:\/\/lisbonpubliclaw.pt\/en\/wp-json\/wp\/v2\/eco_news_event\/11575","targetHints":{"allow":["GET"]}}],"collection":[{"href":"https:\/\/lisbonpubliclaw.pt\/en\/wp-json\/wp\/v2\/eco_news_event"}],"about":[{"href":"https:\/\/lisbonpubliclaw.pt\/en\/wp-json\/wp\/v2\/types\/eco_news_event"}],"version-history":[{"count":0,"href":"https:\/\/lisbonpubliclaw.pt\/en\/wp-json\/wp\/v2\/eco_news_event\/11575\/revisions"}],"wp:attachment":[{"href":"https:\/\/lisbonpubliclaw.pt\/en\/wp-json\/wp\/v2\/media?parent=11575"}],"curies":[{"name":"wp","href":"https:\/\/api.w.org\/{rel}","templated":true}]}}