{"id":7435,"date":"2024-12-19T13:21:52","date_gmt":"2024-12-19T13:21:52","guid":{"rendered":"https:\/\/lisbonpubliclaw.pt\/?post_type=blog&#038;p=7435"},"modified":"2024-12-19T13:21:53","modified_gmt":"2024-12-19T13:21:53","slug":"tedh-aumento-no-uso-do-idioma-nacional-no-pre-escolar-nao-traz-discriminacao-a-minorias-etnicas-e-linguisticas","status":"publish","type":"blog","link":"https:\/\/lisbonpubliclaw.pt\/en\/blog\/tedh-aumento-no-uso-do-idioma-nacional-no-pre-escolar-nao-traz-discriminacao-a-minorias-etnicas-e-linguisticas\/","title":{"rendered":"ECHR: Increased Use of National Language in Preschool Does Not Discriminate Against Ethnic and Linguistic Minorities"},"content":{"rendered":"<p><strong>TEDH\u2013 Process n.\u00ba 50942\/20 e n.\u00ba 2022\/21<\/strong><\/p>\n\n\n\n<p>In a decision issued in Cases No. 50942\/20 and No. 2022\/21, the European Court of Human Rights (ECHR) ruled that increasing the use of the Latvian national language in preschool does not constitute discrimination against the ethnic and linguistic Russian minority.<\/p>\n\n\n\n<p>The case involves applicants who are Latvian nationals or permanent residents without Latvian citizenship, parents, and children identifying as part of the Russian-speaking minority in Latvia and living in Riga and J\u016brmala (Latvia).<\/p>\n\n\n\n<p>According to the country's Constitution, Latvian is the sole national language. However, after the Soviet period, education continued in both Latvian and Russian, as it was during Soviet times. In November 2018, new preschool education regulations were adopted (Cabinet Regulation No. 716), mandating that, from September 1, 2019, the primary language of communication in classes for children aged five and older should be Latvian, except for activities specifically organized to help children learn the minority language and culture.<\/p>\n\n\n\n<p>The applicants argued that the 2018 amendments restricted their \"<em>right to private and family life, the right to education, and alleged that the difference in treatment between Russian-speaking and Latvian-speaking preschool students amounted to discrimination.\"<\/em>\u201d.<\/p>\n\n\n\n<p>The Court found no restriction on the right to education, stating that Latvian is the country\u2019s official language and that<em>\u201cstudents would continue to receive instruction in this language, and the applicants failed to demonstrate any adverse effects on their ability to access education.\u201d<\/em>\u201d.<\/p>\n\n\n\n<p>Furthermore, the Court ruled that<em>\u201cRussian-speaking and Latvian-speaking students were in a sufficiently similar situation regarding the continuation of their preschool education.\u201d<\/em>\u201d.<\/p>\n\n\n\n<p>Additionally, the Court noted that<em>\u201cstrengthening the Latvian language after decades of Soviet domination, and promoting unity and equal access to the education system, were legitimate objectives\u201d<\/em>of post-Soviet Latvia. The Court emphasized that with the restoration of its independence, the Latvian state<em>\u201cneeded to address pre-existing factual inequalities and also ensure that minority groups could learn their language and preserve their culture,\u201d<\/em>while simultaneously ensuring that minority groups<em>\u201clearned enough of the national language to effectively participate in public life.\u201d<\/em>\u201d.<\/p>\n\n\n\n<p>Thus, the ECHR held that the Latvian Constitution establishes Latvian as the official language and that<em>\u201cthe 2018 educational reform did not discriminate against Russian speakers,\u201d<\/em>as it uniformly required the use of Latvian starting from the second stage of preschool. The Court declared that there was no violation of Article 14, in conjunction with Article 2 of Protocol No. 1 of the European Convention on Human Rights (ECHR).<\/p>\n\n\n\n<p>This decision may have implications for other countries formerly part of the Soviet bloc and others with significant ethnic and linguistic minorities.<\/p>\n\n\n\n<div class=\"wp-block-buttons is-content-justification-left is-layout-flex wp-container-core-buttons-is-layout-fdcfc74e wp-block-buttons-is-layout-flex\">\n<div class=\"wp-block-button has-custom-width wp-block-button__width-50 has-custom-font-size is-style-fill has-small-font-size\" style=\"font-style:normal;font-weight:700;letter-spacing:0px;text-transform:none\"><a class=\"wp-block-button__link has-white-color has-text-color has-link-color has-text-align-left wp-element-button\" href=\"http:\/\/hudoc.echr.coe.int\/fre?i=001-235015\" style=\"border-radius:0px\" target=\"_blank\" rel=\"noreferrer noopener\">Full text of the judgment available<\/a><\/div>\n<\/div>\n\n\n\n<p><\/p>\n\n\n\n<p>We invite everyone to follow the&nbsp;<a href=\"https:\/\/www.instagram.com\/objustica_constitucional\/\">Observat\u00f3rio<\/a>&nbsp;on social media for more relevant and up-to-date content on Constitutional Justice.<\/p>\n\n\n\n<p><\/p>","protected":false},"template":"","meta":[],"categoria-blog-observatorio":[81],"cluster":[51],"grupo-de-investigacao":[],"class_list":["post-7435","blog","type-blog","status-publish","hentry","categoria-blog-observatorio-direitos_humanos","cluster-observatorio-de-justica-constitucional"],"yoast_head":"<!-- This site is optimized with the Yoast SEO plugin v27.5 - https:\/\/yoast.com\/product\/yoast-seo-wordpress\/ -->\n<title>TEDH: Aumento no uso do idioma nacional no pr\u00e9-escolar n\u00e3o traz discrimina\u00e7\u00e3o a minorias \u00e9tnicas e lingu\u00edsticas - Lisbon Public Law<\/title>\n<meta name=\"description\" content=\"Em decis\u00e3o proferida em 25 de junho de 2024, no Caso Ucr\u00e2nia v. R\u00fassia (Aplica\u00e7\u00f5es 20958\/14 e 38334\/18), o Tribunal Europeu dos Direitos Humanos, em julgamento un\u00e2nime, declarou viola\u00e7\u00e3o \u00e0 Conven\u00e7\u00e3o Europeia dos Direitos Humanos pela Federa\u00e7\u00e3o Russa na Crimeia por \u201cpr\u00e1tica administrativa\u201d de viola\u00e7\u00f5es dos direitos humanos.\" \/>\n<meta name=\"robots\" content=\"index, follow, max-snippet:-1, max-image-preview:large, max-video-preview:-1\" \/>\n<link rel=\"canonical\" href=\"https:\/\/lisbonpubliclaw.pt\/en\/blog\/tedh-aumento-no-uso-do-idioma-nacional-no-pre-escolar-nao-traz-discriminacao-a-minorias-etnicas-e-linguisticas\/\" \/>\n<meta property=\"og:locale\" content=\"en_US\" \/>\n<meta property=\"og:type\" content=\"article\" \/>\n<meta property=\"og:title\" content=\"TEDH: Aumento no uso do idioma nacional no pr\u00e9-escolar n\u00e3o traz discrimina\u00e7\u00e3o a minorias \u00e9tnicas e lingu\u00edsticas - Lisbon Public Law\" \/>\n<meta property=\"og:description\" content=\"Em decis\u00e3o proferida em 25 de junho de 2024, no Caso Ucr\u00e2nia v. R\u00fassia (Aplica\u00e7\u00f5es 20958\/14 e 38334\/18), o Tribunal Europeu dos Direitos Humanos, em julgamento un\u00e2nime, declarou viola\u00e7\u00e3o \u00e0 Conven\u00e7\u00e3o Europeia dos Direitos Humanos pela Federa\u00e7\u00e3o Russa na Crimeia por \u201cpr\u00e1tica administrativa\u201d de viola\u00e7\u00f5es dos direitos humanos.\" \/>\n<meta property=\"og:url\" content=\"https:\/\/lisbonpubliclaw.pt\/en\/blog\/tedh-aumento-no-uso-do-idioma-nacional-no-pre-escolar-nao-traz-discriminacao-a-minorias-etnicas-e-linguisticas\/\" \/>\n<meta property=\"og:site_name\" content=\"Lisbon Public Law\" \/>\n<meta property=\"article:modified_time\" content=\"2024-12-19T13:21:53+00:00\" \/>\n<meta name=\"twitter:card\" content=\"summary_large_image\" \/>\n<meta name=\"twitter:label1\" content=\"Est. reading time\" \/>\n\t<meta name=\"twitter:data1\" content=\"3 minutes\" \/>\n<script type=\"application\/ld+json\" class=\"yoast-schema-graph\">{\"@context\":\"https:\\\/\\\/schema.org\",\"@graph\":[{\"@type\":\"WebPage\",\"@id\":\"https:\\\/\\\/lisbonpubliclaw.pt\\\/blog\\\/tedh-aumento-no-uso-do-idioma-nacional-no-pre-escolar-nao-traz-discriminacao-a-minorias-etnicas-e-linguisticas\\\/\",\"url\":\"https:\\\/\\\/lisbonpubliclaw.pt\\\/blog\\\/tedh-aumento-no-uso-do-idioma-nacional-no-pre-escolar-nao-traz-discriminacao-a-minorias-etnicas-e-linguisticas\\\/\",\"name\":\"TEDH: Aumento no uso do idioma nacional no pr\u00e9-escolar n\u00e3o traz discrimina\u00e7\u00e3o a minorias \u00e9tnicas e lingu\u00edsticas - Lisbon Public Law\",\"isPartOf\":{\"@id\":\"https:\\\/\\\/lisbonpubliclaw.pt\\\/#website\"},\"datePublished\":\"2024-12-19T13:21:52+00:00\",\"dateModified\":\"2024-12-19T13:21:53+00:00\",\"description\":\"Em decis\u00e3o proferida em 25 de junho de 2024, no Caso Ucr\u00e2nia v. R\u00fassia (Aplica\u00e7\u00f5es 20958\\\/14 e 38334\\\/18), o Tribunal Europeu dos Direitos Humanos, em julgamento un\u00e2nime, declarou viola\u00e7\u00e3o \u00e0 Conven\u00e7\u00e3o Europeia dos Direitos Humanos pela Federa\u00e7\u00e3o Russa na Crimeia por \u201cpr\u00e1tica administrativa\u201d de viola\u00e7\u00f5es dos direitos humanos.\",\"breadcrumb\":{\"@id\":\"https:\\\/\\\/lisbonpubliclaw.pt\\\/blog\\\/tedh-aumento-no-uso-do-idioma-nacional-no-pre-escolar-nao-traz-discriminacao-a-minorias-etnicas-e-linguisticas\\\/#breadcrumb\"},\"inLanguage\":\"en-US\",\"potentialAction\":[{\"@type\":\"ReadAction\",\"target\":[\"https:\\\/\\\/lisbonpubliclaw.pt\\\/blog\\\/tedh-aumento-no-uso-do-idioma-nacional-no-pre-escolar-nao-traz-discriminacao-a-minorias-etnicas-e-linguisticas\\\/\"]}]},{\"@type\":\"BreadcrumbList\",\"@id\":\"https:\\\/\\\/lisbonpubliclaw.pt\\\/blog\\\/tedh-aumento-no-uso-do-idioma-nacional-no-pre-escolar-nao-traz-discriminacao-a-minorias-etnicas-e-linguisticas\\\/#breadcrumb\",\"itemListElement\":[{\"@type\":\"ListItem\",\"position\":1,\"name\":\"Home\",\"item\":\"https:\\\/\\\/lisbonpubliclaw.pt\\\/\"},{\"@type\":\"ListItem\",\"position\":2,\"name\":\"Blog\",\"item\":\"https:\\\/\\\/lisbonpubliclaw.pt\\\/blog\\\/\"},{\"@type\":\"ListItem\",\"position\":3,\"name\":\"TEDH: Aumento no uso do idioma nacional no pr\u00e9-escolar n\u00e3o traz discrimina\u00e7\u00e3o a minorias \u00e9tnicas e lingu\u00edsticas\"}]},{\"@type\":\"WebSite\",\"@id\":\"https:\\\/\\\/lisbonpubliclaw.pt\\\/#website\",\"url\":\"https:\\\/\\\/lisbonpubliclaw.pt\\\/\",\"name\":\"Lisbon Public Law\",\"description\":\"Public Law Research Centre in Lisbon\",\"publisher\":{\"@id\":\"https:\\\/\\\/lisbonpubliclaw.pt\\\/#organization\"},\"potentialAction\":[{\"@type\":\"SearchAction\",\"target\":{\"@type\":\"EntryPoint\",\"urlTemplate\":\"https:\\\/\\\/lisbonpubliclaw.pt\\\/?s={search_term_string}\"},\"query-input\":{\"@type\":\"PropertyValueSpecification\",\"valueRequired\":true,\"valueName\":\"search_term_string\"}}],\"inLanguage\":\"en-US\"},{\"@type\":\"Organization\",\"@id\":\"https:\\\/\\\/lisbonpubliclaw.pt\\\/#organization\",\"name\":\"Lisbon Public Law\",\"url\":\"https:\\\/\\\/lisbonpubliclaw.pt\\\/\",\"logo\":{\"@type\":\"ImageObject\",\"inLanguage\":\"en-US\",\"@id\":\"https:\\\/\\\/lisbonpubliclaw.pt\\\/#\\\/schema\\\/logo\\\/image\\\/\",\"url\":\"https:\\\/\\\/lisbonpubliclaw.pt\\\/wp-content\\\/uploads\\\/2023\\\/06\\\/WhatsApp-Image-2023-06-19-at-11.01.50-1.jpeg\",\"contentUrl\":\"https:\\\/\\\/lisbonpubliclaw.pt\\\/wp-content\\\/uploads\\\/2023\\\/06\\\/WhatsApp-Image-2023-06-19-at-11.01.50-1.jpeg\",\"width\":354,\"height\":354,\"caption\":\"Lisbon Public Law\"},\"image\":{\"@id\":\"https:\\\/\\\/lisbonpubliclaw.pt\\\/#\\\/schema\\\/logo\\\/image\\\/\"}}]}<\/script>\n<!-- \/ Yoast SEO plugin. -->","yoast_head_json":{"title":"TEDH: Aumento no uso do idioma nacional no pr\u00e9-escolar n\u00e3o traz discrimina\u00e7\u00e3o a minorias \u00e9tnicas e lingu\u00edsticas - Lisbon Public Law","description":"In a decision delivered on June 25, 2024, in the case Ukraine v. Russia (Applications 20958\/14 and 38334\/18), the European Court of Human Rights (ECHR), in a unanimous judgment, declared that the Russian Federation had violated the European Convention on Human Rights in Crimea through a \"practice of administrative\" human rights violations.","robots":{"index":"index","follow":"follow","max-snippet":"max-snippet:-1","max-image-preview":"max-image-preview:large","max-video-preview":"max-video-preview:-1"},"canonical":"https:\/\/lisbonpubliclaw.pt\/en\/blog\/tedh-aumento-no-uso-do-idioma-nacional-no-pre-escolar-nao-traz-discriminacao-a-minorias-etnicas-e-linguisticas\/","og_locale":"en_US","og_type":"article","og_title":"TEDH: Aumento no uso do idioma nacional no pr\u00e9-escolar n\u00e3o traz discrimina\u00e7\u00e3o a minorias \u00e9tnicas e lingu\u00edsticas - Lisbon Public Law","og_description":"Em decis\u00e3o proferida em 25 de junho de 2024, no Caso Ucr\u00e2nia v. R\u00fassia (Aplica\u00e7\u00f5es 20958\/14 e 38334\/18), o Tribunal Europeu dos Direitos Humanos, em julgamento un\u00e2nime, declarou viola\u00e7\u00e3o \u00e0 Conven\u00e7\u00e3o Europeia dos Direitos Humanos pela Federa\u00e7\u00e3o Russa na Crimeia por \u201cpr\u00e1tica administrativa\u201d de viola\u00e7\u00f5es dos direitos humanos.","og_url":"https:\/\/lisbonpubliclaw.pt\/en\/blog\/tedh-aumento-no-uso-do-idioma-nacional-no-pre-escolar-nao-traz-discriminacao-a-minorias-etnicas-e-linguisticas\/","og_site_name":"Lisbon Public Law","article_modified_time":"2024-12-19T13:21:53+00:00","twitter_card":"summary_large_image","twitter_misc":{"Est. reading time":"3 minutes"},"schema":{"@context":"https:\/\/schema.org","@graph":[{"@type":"WebPage","@id":"https:\/\/lisbonpubliclaw.pt\/blog\/tedh-aumento-no-uso-do-idioma-nacional-no-pre-escolar-nao-traz-discriminacao-a-minorias-etnicas-e-linguisticas\/","url":"https:\/\/lisbonpubliclaw.pt\/blog\/tedh-aumento-no-uso-do-idioma-nacional-no-pre-escolar-nao-traz-discriminacao-a-minorias-etnicas-e-linguisticas\/","name":"TEDH: Aumento no uso do idioma nacional no pr\u00e9-escolar n\u00e3o traz discrimina\u00e7\u00e3o a minorias \u00e9tnicas e lingu\u00edsticas - Lisbon Public Law","isPartOf":{"@id":"https:\/\/lisbonpubliclaw.pt\/#website"},"datePublished":"2024-12-19T13:21:52+00:00","dateModified":"2024-12-19T13:21:53+00:00","description":"In a decision delivered on June 25, 2024, in the case Ukraine v. Russia (Applications 20958\/14 and 38334\/18), the European Court of Human Rights (ECHR), in a unanimous judgment, declared that the Russian Federation had violated the European Convention on Human Rights in Crimea through a \"practice of administrative\" human rights violations.","breadcrumb":{"@id":"https:\/\/lisbonpubliclaw.pt\/blog\/tedh-aumento-no-uso-do-idioma-nacional-no-pre-escolar-nao-traz-discriminacao-a-minorias-etnicas-e-linguisticas\/#breadcrumb"},"inLanguage":"en-US","potentialAction":[{"@type":"ReadAction","target":["https:\/\/lisbonpubliclaw.pt\/blog\/tedh-aumento-no-uso-do-idioma-nacional-no-pre-escolar-nao-traz-discriminacao-a-minorias-etnicas-e-linguisticas\/"]}]},{"@type":"BreadcrumbList","@id":"https:\/\/lisbonpubliclaw.pt\/blog\/tedh-aumento-no-uso-do-idioma-nacional-no-pre-escolar-nao-traz-discriminacao-a-minorias-etnicas-e-linguisticas\/#breadcrumb","itemListElement":[{"@type":"ListItem","position":1,"name":"Home","item":"https:\/\/lisbonpubliclaw.pt\/"},{"@type":"ListItem","position":2,"name":"Blog","item":"https:\/\/lisbonpubliclaw.pt\/blog\/"},{"@type":"ListItem","position":3,"name":"TEDH: Aumento no uso do idioma nacional no pr\u00e9-escolar n\u00e3o traz discrimina\u00e7\u00e3o a minorias \u00e9tnicas e lingu\u00edsticas"}]},{"@type":"WebSite","@id":"https:\/\/lisbonpubliclaw.pt\/#website","url":"https:\/\/lisbonpubliclaw.pt\/","name":"Lisbon Public Law","description":"Public Law Research Centre in Lisbon","publisher":{"@id":"https:\/\/lisbonpubliclaw.pt\/#organization"},"potentialAction":[{"@type":"SearchAction","target":{"@type":"EntryPoint","urlTemplate":"https:\/\/lisbonpubliclaw.pt\/?s={search_term_string}"},"query-input":{"@type":"PropertyValueSpecification","valueRequired":true,"valueName":"search_term_string"}}],"inLanguage":"en-US"},{"@type":"Organization","@id":"https:\/\/lisbonpubliclaw.pt\/#organization","name":"Lisbon Public Law","url":"https:\/\/lisbonpubliclaw.pt\/","logo":{"@type":"ImageObject","inLanguage":"en-US","@id":"https:\/\/lisbonpubliclaw.pt\/#\/schema\/logo\/image\/","url":"https:\/\/lisbonpubliclaw.pt\/wp-content\/uploads\/2023\/06\/WhatsApp-Image-2023-06-19-at-11.01.50-1.jpeg","contentUrl":"https:\/\/lisbonpubliclaw.pt\/wp-content\/uploads\/2023\/06\/WhatsApp-Image-2023-06-19-at-11.01.50-1.jpeg","width":354,"height":354,"caption":"Lisbon Public Law"},"image":{"@id":"https:\/\/lisbonpubliclaw.pt\/#\/schema\/logo\/image\/"}}]}},"_links":{"self":[{"href":"https:\/\/lisbonpubliclaw.pt\/en\/wp-json\/wp\/v2\/blog\/7435","targetHints":{"allow":["GET"]}}],"collection":[{"href":"https:\/\/lisbonpubliclaw.pt\/en\/wp-json\/wp\/v2\/blog"}],"about":[{"href":"https:\/\/lisbonpubliclaw.pt\/en\/wp-json\/wp\/v2\/types\/blog"}],"wp:attachment":[{"href":"https:\/\/lisbonpubliclaw.pt\/en\/wp-json\/wp\/v2\/media?parent=7435"}],"wp:term":[{"taxonomy":"categoria-blog-observatorio","embeddable":true,"href":"https:\/\/lisbonpubliclaw.pt\/en\/wp-json\/wp\/v2\/categoria-blog-observatorio?post=7435"},{"taxonomy":"cluster","embeddable":true,"href":"https:\/\/lisbonpubliclaw.pt\/en\/wp-json\/wp\/v2\/cluster?post=7435"},{"taxonomy":"grupo-de-investigacao","embeddable":true,"href":"https:\/\/lisbonpubliclaw.pt\/en\/wp-json\/wp\/v2\/grupo-de-investigacao?post=7435"}],"curies":[{"name":"wp","href":"https:\/\/api.w.org\/{rel}","templated":true}]}}