{"id":7174,"date":"2024-11-28T12:46:42","date_gmt":"2024-11-28T12:46:42","guid":{"rendered":"https:\/\/lisbonpubliclaw.pt\/?post_type=blog&#038;p=7174"},"modified":"2024-11-28T12:46:43","modified_gmt":"2024-11-28T12:46:43","slug":"tribunal-europeu-dos-direitos-hmanos-reconhece-ofensa-convencao-europeia-direitos-humanos","status":"publish","type":"blog","link":"https:\/\/lisbonpubliclaw.pt\/en\/blog\/tribunal-europeu-dos-direitos-hmanos-reconhece-ofensa-convencao-europeia-direitos-humanos\/","title":{"rendered":"The European Court of Human Rights recognises a violation of the European Convention on Human Rights due to the failure of Latvian authorities to prosecute a homophobic hate crime"},"content":{"rendered":"<p><strong>TEDH \u2013 Case No. 40.861\/22 <\/strong><\/p>\n\n\n\n<p>In its decision on Case No. 40.861\/22, the European Court of Human Rights (ECHR) found a violation of the European Convention on Human Rights (ECHR) due to the failure of Latvian authorities to prosecute a homophobic hate crime.<\/p>\n\n\n\n<p>In the case in question, a gay couple faced verbal attacks and an attempted physical assault by an identified individual. During a police interview, the suspect admitted to using \"offensive language and anti-gay insults\" and stated that the couple's display of affection had offended him. Despite these admissions, the authorities declined to prosecute the incident as a hate-motivated crime.<\/p>\n\n\n\n<p>The Court observed that \u201cthe police and prosecutors interpreted the provisions of criminal law meant to protect individuals from such hate-motivated offences too narrowly,\u201d thereby failing to charge and prosecute the offender appropriately. This conduct by Latvian authorities was deemed incompatible with \u201cthe national authorities\u2019 obligation, under the European Convention, to ensure that homophobic attacks are adequately addressed and deterred.\u201d<\/p>\n\n\n\n<p>The ECHR emphasized that failing to properly address offensive, aggressive, and ultimately criminal behaviours like the one reported could \u201cnormalize hostility toward LGBTI individuals, perpetuate a culture of intolerance and discrimination, and encourage further acts of a similar nature.\u201d<\/p>\n\n\n\n<p class=\"translation-block\">The Court concluded that, even in the absence of physical injury, \u201cattacks on LGBTI individuals triggered by displays of affection between them constitute an affront to human dignity, turning a moment of intimacy into one of fear and trauma.\u201d Such attacks hinder victims from \u201copenly expressing fundamental human emotions\u201d and reinforce \u201cinvisibility and marginalization.\u201d<\/p>\n\n\n\n<p>Consequently, the Court found a violation of Articles 3 and 8, in conjunction with Article 14 of the ECHR.<\/p>\n\n\n\n<p>This decision serves as an important reference point for national authorities to ensure proper handling of hate crimes like the one reported.<\/p>\n\n\n\n<p>We invite everyone to follow the <a href=\"https:\/\/www.instagram.com\/objustica_constitucional\/\">Observat\u00f3rio<\/a> on social media for more relevant and up-to-date content on Constitutional Justice.<\/p>\n\n\n\n<p>The full text of the ruling is available <a href=\"https:\/\/hudoc.echr.coe.int\/fre?i=001-235016\">here<\/a>. \u00a0<\/p>","protected":false},"template":"","meta":[],"categoria-blog-observatorio":[81],"cluster":[51],"grupo-de-investigacao":[],"class_list":["post-7174","blog","type-blog","status-publish","hentry","categoria-blog-observatorio-direitos_humanos","cluster-observatorio-de-justica-constitucional"],"yoast_head":"<!-- This site is optimized with the Yoast SEO plugin v27.5 - https:\/\/yoast.com\/product\/yoast-seo-wordpress\/ -->\n<title>Tribunal Europeu dos Direitos Humanos reconhece ofensa \u00e0 Conven\u00e7\u00e3o Europeia dos Direitos Humanos por n\u00e3o processamento de crime de \u00f3dio homof\u00f3bico por autoridades let\u00e3s - Lisbon Public Law<\/title>\n<meta name=\"description\" content=\"Em decis\u00e3o no Processo n.\u00ba 40.861\/22, o Tribunal Europeu dos Direitos Humanos considerou viola\u00e7\u00e3o \u00e0 Conven\u00e7\u00e3o Europeia dos Direitos Humanos (CEDH) o n\u00e3o processamento de crime de \u00f3dio homof\u00f3bico por autoridades let\u00e3s.No caso em comento, um casal de homens gays sofreu ataques verbais e tentativa de agress\u00e3o f\u00edsica por parte de um cidad\u00e3o devidamente identificado. Em entrevista policial o suspeito da ofensa reconheceu a utiliza\u00e7\u00e3o de \u201clinguagem ofensiva e insultos anti-gays\u201d, ademais de apontar que a demonstra\u00e7\u00e3o de afeto do aludido casal o ofendera. Ap\u00f3s an\u00e1lise da situa\u00e7\u00e3o, as autoridades recusaram o processamento da ocorr\u00eancia como crime motivado por \u00f3dio.\" \/>\n<meta name=\"robots\" content=\"index, follow, max-snippet:-1, max-image-preview:large, max-video-preview:-1\" \/>\n<link rel=\"canonical\" href=\"https:\/\/lisbonpubliclaw.pt\/en\/blog\/tribunal-europeu-dos-direitos-hmanos-reconhece-ofensa-convencao-europeia-direitos-humanos\/\" \/>\n<meta property=\"og:locale\" content=\"en_US\" \/>\n<meta property=\"og:type\" content=\"article\" \/>\n<meta property=\"og:title\" content=\"Tribunal Europeu dos Direitos Humanos reconhece ofensa \u00e0 Conven\u00e7\u00e3o Europeia dos Direitos Humanos por n\u00e3o processamento de crime de \u00f3dio homof\u00f3bico por autoridades let\u00e3s - Lisbon Public Law\" \/>\n<meta property=\"og:description\" content=\"Em decis\u00e3o no Processo n.\u00ba 40.861\/22, o Tribunal Europeu dos Direitos Humanos considerou viola\u00e7\u00e3o \u00e0 Conven\u00e7\u00e3o Europeia dos Direitos Humanos (CEDH) o n\u00e3o processamento de crime de \u00f3dio homof\u00f3bico por autoridades let\u00e3s.No caso em comento, um casal de homens gays sofreu ataques verbais e tentativa de agress\u00e3o f\u00edsica por parte de um cidad\u00e3o devidamente identificado. Em entrevista policial o suspeito da ofensa reconheceu a utiliza\u00e7\u00e3o de \u201clinguagem ofensiva e insultos anti-gays\u201d, ademais de apontar que a demonstra\u00e7\u00e3o de afeto do aludido casal o ofendera. Ap\u00f3s an\u00e1lise da situa\u00e7\u00e3o, as autoridades recusaram o processamento da ocorr\u00eancia como crime motivado por \u00f3dio.\" \/>\n<meta property=\"og:url\" content=\"https:\/\/lisbonpubliclaw.pt\/en\/blog\/tribunal-europeu-dos-direitos-hmanos-reconhece-ofensa-convencao-europeia-direitos-humanos\/\" \/>\n<meta property=\"og:site_name\" content=\"Lisbon Public Law\" \/>\n<meta property=\"article:modified_time\" content=\"2024-11-28T12:46:43+00:00\" \/>\n<meta name=\"twitter:card\" content=\"summary_large_image\" \/>\n<meta name=\"twitter:label1\" content=\"Est. reading time\" \/>\n\t<meta name=\"twitter:data1\" content=\"2 minutes\" \/>\n<script type=\"application\/ld+json\" class=\"yoast-schema-graph\">{\"@context\":\"https:\\\/\\\/schema.org\",\"@graph\":[{\"@type\":\"WebPage\",\"@id\":\"https:\\\/\\\/lisbonpubliclaw.pt\\\/blog\\\/tribunal-europeu-dos-direitos-hmanos-reconhece-ofensa-convencao-europeia-direitos-humanos\\\/\",\"url\":\"https:\\\/\\\/lisbonpubliclaw.pt\\\/blog\\\/tribunal-europeu-dos-direitos-hmanos-reconhece-ofensa-convencao-europeia-direitos-humanos\\\/\",\"name\":\"Tribunal Europeu dos Direitos Humanos reconhece ofensa \u00e0 Conven\u00e7\u00e3o Europeia dos Direitos Humanos por n\u00e3o processamento de crime de \u00f3dio homof\u00f3bico por autoridades let\u00e3s - Lisbon Public Law\",\"isPartOf\":{\"@id\":\"https:\\\/\\\/lisbonpubliclaw.pt\\\/#website\"},\"datePublished\":\"2024-11-28T12:46:42+00:00\",\"dateModified\":\"2024-11-28T12:46:43+00:00\",\"description\":\"Em decis\u00e3o no Processo n.\u00ba 40.861\\\/22, o Tribunal Europeu dos Direitos Humanos considerou viola\u00e7\u00e3o \u00e0 Conven\u00e7\u00e3o Europeia dos Direitos Humanos (CEDH) o n\u00e3o processamento de crime de \u00f3dio homof\u00f3bico por autoridades let\u00e3s.No caso em comento, um casal de homens gays sofreu ataques verbais e tentativa de agress\u00e3o f\u00edsica por parte de um cidad\u00e3o devidamente identificado. Em entrevista policial o suspeito da ofensa reconheceu a utiliza\u00e7\u00e3o de \u201clinguagem ofensiva e insultos anti-gays\u201d, ademais de apontar que a demonstra\u00e7\u00e3o de afeto do aludido casal o ofendera. Ap\u00f3s an\u00e1lise da situa\u00e7\u00e3o, as autoridades recusaram o processamento da ocorr\u00eancia como crime motivado por \u00f3dio.\",\"breadcrumb\":{\"@id\":\"https:\\\/\\\/lisbonpubliclaw.pt\\\/blog\\\/tribunal-europeu-dos-direitos-hmanos-reconhece-ofensa-convencao-europeia-direitos-humanos\\\/#breadcrumb\"},\"inLanguage\":\"en-US\",\"potentialAction\":[{\"@type\":\"ReadAction\",\"target\":[\"https:\\\/\\\/lisbonpubliclaw.pt\\\/blog\\\/tribunal-europeu-dos-direitos-hmanos-reconhece-ofensa-convencao-europeia-direitos-humanos\\\/\"]}]},{\"@type\":\"BreadcrumbList\",\"@id\":\"https:\\\/\\\/lisbonpubliclaw.pt\\\/blog\\\/tribunal-europeu-dos-direitos-hmanos-reconhece-ofensa-convencao-europeia-direitos-humanos\\\/#breadcrumb\",\"itemListElement\":[{\"@type\":\"ListItem\",\"position\":1,\"name\":\"Home\",\"item\":\"https:\\\/\\\/lisbonpubliclaw.pt\\\/\"},{\"@type\":\"ListItem\",\"position\":2,\"name\":\"Blog\",\"item\":\"https:\\\/\\\/lisbonpubliclaw.pt\\\/blog\\\/\"},{\"@type\":\"ListItem\",\"position\":3,\"name\":\"Tribunal Europeu dos Direitos Humanos reconhece ofensa \u00e0 Conven\u00e7\u00e3o Europeia dos Direitos Humanos por n\u00e3o processamento de crime de \u00f3dio homof\u00f3bico por autoridades let\u00e3s\"}]},{\"@type\":\"WebSite\",\"@id\":\"https:\\\/\\\/lisbonpubliclaw.pt\\\/#website\",\"url\":\"https:\\\/\\\/lisbonpubliclaw.pt\\\/\",\"name\":\"Lisbon Public Law\",\"description\":\"Public Law Research Centre in Lisbon\",\"publisher\":{\"@id\":\"https:\\\/\\\/lisbonpubliclaw.pt\\\/#organization\"},\"potentialAction\":[{\"@type\":\"SearchAction\",\"target\":{\"@type\":\"EntryPoint\",\"urlTemplate\":\"https:\\\/\\\/lisbonpubliclaw.pt\\\/?s={search_term_string}\"},\"query-input\":{\"@type\":\"PropertyValueSpecification\",\"valueRequired\":true,\"valueName\":\"search_term_string\"}}],\"inLanguage\":\"en-US\"},{\"@type\":\"Organization\",\"@id\":\"https:\\\/\\\/lisbonpubliclaw.pt\\\/#organization\",\"name\":\"Lisbon Public Law\",\"url\":\"https:\\\/\\\/lisbonpubliclaw.pt\\\/\",\"logo\":{\"@type\":\"ImageObject\",\"inLanguage\":\"en-US\",\"@id\":\"https:\\\/\\\/lisbonpubliclaw.pt\\\/#\\\/schema\\\/logo\\\/image\\\/\",\"url\":\"https:\\\/\\\/lisbonpubliclaw.pt\\\/wp-content\\\/uploads\\\/2023\\\/06\\\/WhatsApp-Image-2023-06-19-at-11.01.50-1.jpeg\",\"contentUrl\":\"https:\\\/\\\/lisbonpubliclaw.pt\\\/wp-content\\\/uploads\\\/2023\\\/06\\\/WhatsApp-Image-2023-06-19-at-11.01.50-1.jpeg\",\"width\":354,\"height\":354,\"caption\":\"Lisbon Public Law\"},\"image\":{\"@id\":\"https:\\\/\\\/lisbonpubliclaw.pt\\\/#\\\/schema\\\/logo\\\/image\\\/\"}}]}<\/script>\n<!-- \/ Yoast SEO plugin. -->","yoast_head_json":{"title":"Tribunal Europeu dos Direitos Humanos reconhece ofensa \u00e0 Conven\u00e7\u00e3o Europeia dos Direitos Humanos por n\u00e3o processamento de crime de \u00f3dio homof\u00f3bico por autoridades let\u00e3s - Lisbon Public Law","description":"Em decis\u00e3o no Processo n.\u00ba 40.861\/22, o Tribunal Europeu dos Direitos Humanos considerou viola\u00e7\u00e3o \u00e0 Conven\u00e7\u00e3o Europeia dos Direitos Humanos (CEDH) o n\u00e3o processamento de crime de \u00f3dio homof\u00f3bico por autoridades let\u00e3s.No caso em comento, um casal de homens gays sofreu ataques verbais e tentativa de agress\u00e3o f\u00edsica por parte de um cidad\u00e3o devidamente identificado. Em entrevista policial o suspeito da ofensa reconheceu a utiliza\u00e7\u00e3o de \u201clinguagem ofensiva e insultos anti-gays\u201d, ademais de apontar que a demonstra\u00e7\u00e3o de afeto do aludido casal o ofendera. Ap\u00f3s an\u00e1lise da situa\u00e7\u00e3o, as autoridades recusaram o processamento da ocorr\u00eancia como crime motivado por \u00f3dio.","robots":{"index":"index","follow":"follow","max-snippet":"max-snippet:-1","max-image-preview":"max-image-preview:large","max-video-preview":"max-video-preview:-1"},"canonical":"https:\/\/lisbonpubliclaw.pt\/en\/blog\/tribunal-europeu-dos-direitos-hmanos-reconhece-ofensa-convencao-europeia-direitos-humanos\/","og_locale":"en_US","og_type":"article","og_title":"Tribunal Europeu dos Direitos Humanos reconhece ofensa \u00e0 Conven\u00e7\u00e3o Europeia dos Direitos Humanos por n\u00e3o processamento de crime de \u00f3dio homof\u00f3bico por autoridades let\u00e3s - Lisbon Public Law","og_description":"Em decis\u00e3o no Processo n.\u00ba 40.861\/22, o Tribunal Europeu dos Direitos Humanos considerou viola\u00e7\u00e3o \u00e0 Conven\u00e7\u00e3o Europeia dos Direitos Humanos (CEDH) o n\u00e3o processamento de crime de \u00f3dio homof\u00f3bico por autoridades let\u00e3s.No caso em comento, um casal de homens gays sofreu ataques verbais e tentativa de agress\u00e3o f\u00edsica por parte de um cidad\u00e3o devidamente identificado. Em entrevista policial o suspeito da ofensa reconheceu a utiliza\u00e7\u00e3o de \u201clinguagem ofensiva e insultos anti-gays\u201d, ademais de apontar que a demonstra\u00e7\u00e3o de afeto do aludido casal o ofendera. Ap\u00f3s an\u00e1lise da situa\u00e7\u00e3o, as autoridades recusaram o processamento da ocorr\u00eancia como crime motivado por \u00f3dio.","og_url":"https:\/\/lisbonpubliclaw.pt\/en\/blog\/tribunal-europeu-dos-direitos-hmanos-reconhece-ofensa-convencao-europeia-direitos-humanos\/","og_site_name":"Lisbon Public Law","article_modified_time":"2024-11-28T12:46:43+00:00","twitter_card":"summary_large_image","twitter_misc":{"Est. reading time":"2 minutes"},"schema":{"@context":"https:\/\/schema.org","@graph":[{"@type":"WebPage","@id":"https:\/\/lisbonpubliclaw.pt\/blog\/tribunal-europeu-dos-direitos-hmanos-reconhece-ofensa-convencao-europeia-direitos-humanos\/","url":"https:\/\/lisbonpubliclaw.pt\/blog\/tribunal-europeu-dos-direitos-hmanos-reconhece-ofensa-convencao-europeia-direitos-humanos\/","name":"Tribunal Europeu dos Direitos Humanos reconhece ofensa \u00e0 Conven\u00e7\u00e3o Europeia dos Direitos Humanos por n\u00e3o processamento de crime de \u00f3dio homof\u00f3bico por autoridades let\u00e3s - Lisbon Public Law","isPartOf":{"@id":"https:\/\/lisbonpubliclaw.pt\/#website"},"datePublished":"2024-11-28T12:46:42+00:00","dateModified":"2024-11-28T12:46:43+00:00","description":"Em decis\u00e3o no Processo n.\u00ba 40.861\/22, o Tribunal Europeu dos Direitos Humanos considerou viola\u00e7\u00e3o \u00e0 Conven\u00e7\u00e3o Europeia dos Direitos Humanos (CEDH) o n\u00e3o processamento de crime de \u00f3dio homof\u00f3bico por autoridades let\u00e3s.No caso em comento, um casal de homens gays sofreu ataques verbais e tentativa de agress\u00e3o f\u00edsica por parte de um cidad\u00e3o devidamente identificado. Em entrevista policial o suspeito da ofensa reconheceu a utiliza\u00e7\u00e3o de \u201clinguagem ofensiva e insultos anti-gays\u201d, ademais de apontar que a demonstra\u00e7\u00e3o de afeto do aludido casal o ofendera. Ap\u00f3s an\u00e1lise da situa\u00e7\u00e3o, as autoridades recusaram o processamento da ocorr\u00eancia como crime motivado por \u00f3dio.","breadcrumb":{"@id":"https:\/\/lisbonpubliclaw.pt\/blog\/tribunal-europeu-dos-direitos-hmanos-reconhece-ofensa-convencao-europeia-direitos-humanos\/#breadcrumb"},"inLanguage":"en-US","potentialAction":[{"@type":"ReadAction","target":["https:\/\/lisbonpubliclaw.pt\/blog\/tribunal-europeu-dos-direitos-hmanos-reconhece-ofensa-convencao-europeia-direitos-humanos\/"]}]},{"@type":"BreadcrumbList","@id":"https:\/\/lisbonpubliclaw.pt\/blog\/tribunal-europeu-dos-direitos-hmanos-reconhece-ofensa-convencao-europeia-direitos-humanos\/#breadcrumb","itemListElement":[{"@type":"ListItem","position":1,"name":"Home","item":"https:\/\/lisbonpubliclaw.pt\/"},{"@type":"ListItem","position":2,"name":"Blog","item":"https:\/\/lisbonpubliclaw.pt\/blog\/"},{"@type":"ListItem","position":3,"name":"Tribunal Europeu dos Direitos Humanos reconhece ofensa \u00e0 Conven\u00e7\u00e3o Europeia dos Direitos Humanos por n\u00e3o processamento de crime de \u00f3dio homof\u00f3bico por autoridades let\u00e3s"}]},{"@type":"WebSite","@id":"https:\/\/lisbonpubliclaw.pt\/#website","url":"https:\/\/lisbonpubliclaw.pt\/","name":"Lisbon Public Law","description":"Public Law Research Centre in Lisbon","publisher":{"@id":"https:\/\/lisbonpubliclaw.pt\/#organization"},"potentialAction":[{"@type":"SearchAction","target":{"@type":"EntryPoint","urlTemplate":"https:\/\/lisbonpubliclaw.pt\/?s={search_term_string}"},"query-input":{"@type":"PropertyValueSpecification","valueRequired":true,"valueName":"search_term_string"}}],"inLanguage":"en-US"},{"@type":"Organization","@id":"https:\/\/lisbonpubliclaw.pt\/#organization","name":"Lisbon Public Law","url":"https:\/\/lisbonpubliclaw.pt\/","logo":{"@type":"ImageObject","inLanguage":"en-US","@id":"https:\/\/lisbonpubliclaw.pt\/#\/schema\/logo\/image\/","url":"https:\/\/lisbonpubliclaw.pt\/wp-content\/uploads\/2023\/06\/WhatsApp-Image-2023-06-19-at-11.01.50-1.jpeg","contentUrl":"https:\/\/lisbonpubliclaw.pt\/wp-content\/uploads\/2023\/06\/WhatsApp-Image-2023-06-19-at-11.01.50-1.jpeg","width":354,"height":354,"caption":"Lisbon Public Law"},"image":{"@id":"https:\/\/lisbonpubliclaw.pt\/#\/schema\/logo\/image\/"}}]}},"_links":{"self":[{"href":"https:\/\/lisbonpubliclaw.pt\/en\/wp-json\/wp\/v2\/blog\/7174","targetHints":{"allow":["GET"]}}],"collection":[{"href":"https:\/\/lisbonpubliclaw.pt\/en\/wp-json\/wp\/v2\/blog"}],"about":[{"href":"https:\/\/lisbonpubliclaw.pt\/en\/wp-json\/wp\/v2\/types\/blog"}],"wp:attachment":[{"href":"https:\/\/lisbonpubliclaw.pt\/en\/wp-json\/wp\/v2\/media?parent=7174"}],"wp:term":[{"taxonomy":"categoria-blog-observatorio","embeddable":true,"href":"https:\/\/lisbonpubliclaw.pt\/en\/wp-json\/wp\/v2\/categoria-blog-observatorio?post=7174"},{"taxonomy":"cluster","embeddable":true,"href":"https:\/\/lisbonpubliclaw.pt\/en\/wp-json\/wp\/v2\/cluster?post=7174"},{"taxonomy":"grupo-de-investigacao","embeddable":true,"href":"https:\/\/lisbonpubliclaw.pt\/en\/wp-json\/wp\/v2\/grupo-de-investigacao?post=7174"}],"curies":[{"name":"wp","href":"https:\/\/api.w.org\/{rel}","templated":true}]}}