{"id":7173,"date":"2024-11-26T12:33:51","date_gmt":"2024-11-26T12:33:51","guid":{"rendered":"https:\/\/lisbonpubliclaw.pt\/?post_type=blog&#038;p=7173"},"modified":"2024-11-28T12:35:13","modified_gmt":"2024-11-28T12:35:13","slug":"tc-julga-inconstitucional-norma-que-determina-incidencia-e-a-taxa-a-aplicar-fornecedores-de-redes-servicos-de-comunicacoes","status":"publish","type":"blog","link":"https:\/\/lisbonpubliclaw.pt\/en\/blog\/tc-julga-inconstitucional-norma-que-determina-incidencia-e-a-taxa-a-aplicar-fornecedores-de-redes-servicos-de-comunicacoes\/","title":{"rendered":"Constitutional Court Rules Unconstitutional the Provision on Scope and Rates for Providers of Electronic Communications Networks and Services"},"content":{"rendered":"<p><strong>TC \u2013 Ruling No. 779\/2024<\/strong><\/p>\n\n\n\n<p>Through Ruling No. 779\/2024, the Constitutional Court, in successive abstract review, declared unconstitutional the provision defining the scope and rates applicable to providers of electronic communications networks and services.<\/p>\n\n\n\n<p>The decision concerns the unconstitutionality of the rule applying to providers categorized under \"Tier 2,\" as set out in paragraphs 1 and 2 of Annex II of Ordinance No. 1473-B\/2008 of December 17, as amended by Ordinance No. 296-A\/2013 of October 2.<\/p>\n\n\n\n<p class=\"translation-block\">Employing a dual criterion\u2014functional and structural\u2014the Court concluded that the fee in question constitutes a \"true financial contribution, rather than a tax.\" Consequently, the assessed provisions do not fall under the purview of Article 103(2) of the Constitution.<\/p>\n\n\n\n<p class=\"translation-block\">The ruling emphasized the parliamentary reservation regime applicable to financial contributions and the relevance of Article 165(1)(i) of the Constitution, especially given the absence of a general legal framework governing fees and financial contributions.<\/p>\n\n\n\n<p class=\"translation-block\">Referring to arguments made in Ruling No. 429\/2023, the Court noted that Annex IX of Ordinance No. 1473-B\/2008 regulates Law No. 17\/2012. However, the ordinance\u2019s provisions on subjective and objective scope go beyond the boundaries set by paragraphs 2 to 4 of Article 44 of that law, making them \"substantially innovative.\" Regarding the objective scope and applicable rates for \"Tier 2\" providers, the ordinance establishes the tiers, defines the passive subjects within \"Tier 2,\" and uses relevant revenues from the previous year\u2019s postal services as the determinant criterion for cost allocation.<\/p>\n\n\n\n<p>Thus, the fee is considered a tax that was \"primarily regulated through administrative rule-making, that is, by exercising administrative power.\" However, this matter falls within the joint legislative competence of the Parliament and the Government. The violation here is not limited to Article 165 (i) of the Constitution, which restricts parliamentary competence in taxation matters, but extends to \"an intrusion by the administrative power into a domain reserved by the constitutional order to the legislative power.\"<\/p>\n\n\n\n<p class=\"translation-block\">Consequently, the Constitutional Court declared, with general binding effect, the unconstitutionality of the provision defining the scope and rates applicable to providers of electronic communications networks and services categorized under \"Tier 2.\" This provision stems from paragraphs 1 and 2 of Annex II of Ordinance No. 1473-B\/2008, as amended by Ordinance No. 296-A\/2013, for violating Articles 165 (i) and 266 of the Portuguese Constitution.<\/p>\n\n\n\n<p>We invite everyone to follow the Observatory on social media for more relevant and up-to-date content on Constitutional Justice.<\/p>\n\n\n\n<p>Full text of the judgment available <a href=\"http:\/\/www.tribunalconstitucional.pt\/tc\/acordaos\/20240779.html\">here<\/a>.<\/p>\n\n\n\n<p><\/p>","protected":false},"template":"","meta":[],"categoria-blog-observatorio":[80,82],"cluster":[51],"grupo-de-investigacao":[],"class_list":["post-7173","blog","type-blog","status-publish","hentry","categoria-blog-observatorio-direito_constitucional","categoria-blog-observatorio-direito_fiscal","cluster-observatorio-de-justica-constitucional"],"yoast_head":"<!-- This site is optimized with the Yoast SEO plugin v27.5 - https:\/\/yoast.com\/product\/yoast-seo-wordpress\/ -->\n<title>Tribunal Constitucional julga inconstitucional norma que determina a incid\u00eancia e a taxa a aplicar em rela\u00e7\u00e3o aos fornecedores de redes e servi\u00e7os de comunica\u00e7\u00f5es eletr\u00f3nicas - Lisbon Public Law<\/title>\n<meta name=\"description\" content=\"Por meio do Ac\u00f3rd\u00e3o n.\u00ba 779\/2024, o Tribunal Constitucional, em fiscaliza\u00e7\u00e3o abstrata sucessiva, decidiu julgar inconstitucional norma que determina a incid\u00eancia e a taxa a aplicar em rela\u00e7\u00e3o aos fornecedores de redes e servi\u00e7os de comunica\u00e7\u00f5es eletr\u00f3nicas.\" \/>\n<meta name=\"robots\" content=\"index, follow, max-snippet:-1, max-image-preview:large, max-video-preview:-1\" \/>\n<link rel=\"canonical\" href=\"https:\/\/lisbonpubliclaw.pt\/en\/blog\/tc-julga-inconstitucional-norma-que-determina-incidencia-e-a-taxa-a-aplicar-fornecedores-de-redes-servicos-de-comunicacoes\/\" \/>\n<meta property=\"og:locale\" content=\"en_US\" \/>\n<meta property=\"og:type\" content=\"article\" \/>\n<meta property=\"og:title\" content=\"Tribunal Constitucional julga inconstitucional norma que determina a incid\u00eancia e a taxa a aplicar em rela\u00e7\u00e3o aos fornecedores de redes e servi\u00e7os de comunica\u00e7\u00f5es eletr\u00f3nicas - Lisbon Public Law\" \/>\n<meta property=\"og:description\" content=\"Por meio do Ac\u00f3rd\u00e3o n.\u00ba 779\/2024, o Tribunal Constitucional, em fiscaliza\u00e7\u00e3o abstrata sucessiva, decidiu julgar inconstitucional norma que determina a incid\u00eancia e a taxa a aplicar em rela\u00e7\u00e3o aos fornecedores de redes e servi\u00e7os de comunica\u00e7\u00f5es eletr\u00f3nicas.\" \/>\n<meta property=\"og:url\" content=\"https:\/\/lisbonpubliclaw.pt\/en\/blog\/tc-julga-inconstitucional-norma-que-determina-incidencia-e-a-taxa-a-aplicar-fornecedores-de-redes-servicos-de-comunicacoes\/\" \/>\n<meta property=\"og:site_name\" content=\"Lisbon Public Law\" \/>\n<meta property=\"article:modified_time\" content=\"2024-11-28T12:35:13+00:00\" \/>\n<meta name=\"twitter:card\" content=\"summary_large_image\" \/>\n<meta name=\"twitter:label1\" content=\"Est. reading time\" \/>\n\t<meta name=\"twitter:data1\" content=\"3 minutes\" \/>\n<script type=\"application\/ld+json\" class=\"yoast-schema-graph\">{\"@context\":\"https:\\\/\\\/schema.org\",\"@graph\":[{\"@type\":\"WebPage\",\"@id\":\"https:\\\/\\\/lisbonpubliclaw.pt\\\/blog\\\/tc-julga-inconstitucional-norma-que-determina-incidencia-e-a-taxa-a-aplicar-fornecedores-de-redes-servicos-de-comunicacoes\\\/\",\"url\":\"https:\\\/\\\/lisbonpubliclaw.pt\\\/blog\\\/tc-julga-inconstitucional-norma-que-determina-incidencia-e-a-taxa-a-aplicar-fornecedores-de-redes-servicos-de-comunicacoes\\\/\",\"name\":\"Tribunal Constitucional julga inconstitucional norma que determina a incid\u00eancia e a taxa a aplicar em rela\u00e7\u00e3o aos fornecedores de redes e servi\u00e7os de comunica\u00e7\u00f5es eletr\u00f3nicas - Lisbon Public Law\",\"isPartOf\":{\"@id\":\"https:\\\/\\\/lisbonpubliclaw.pt\\\/#website\"},\"datePublished\":\"2024-11-26T12:33:51+00:00\",\"dateModified\":\"2024-11-28T12:35:13+00:00\",\"description\":\"Por meio do Ac\u00f3rd\u00e3o n.\u00ba 779\\\/2024, o Tribunal Constitucional, em fiscaliza\u00e7\u00e3o abstrata sucessiva, decidiu julgar inconstitucional norma que determina a incid\u00eancia e a taxa a aplicar em rela\u00e7\u00e3o aos fornecedores de redes e servi\u00e7os de comunica\u00e7\u00f5es eletr\u00f3nicas.\",\"breadcrumb\":{\"@id\":\"https:\\\/\\\/lisbonpubliclaw.pt\\\/blog\\\/tc-julga-inconstitucional-norma-que-determina-incidencia-e-a-taxa-a-aplicar-fornecedores-de-redes-servicos-de-comunicacoes\\\/#breadcrumb\"},\"inLanguage\":\"en-US\",\"potentialAction\":[{\"@type\":\"ReadAction\",\"target\":[\"https:\\\/\\\/lisbonpubliclaw.pt\\\/blog\\\/tc-julga-inconstitucional-norma-que-determina-incidencia-e-a-taxa-a-aplicar-fornecedores-de-redes-servicos-de-comunicacoes\\\/\"]}]},{\"@type\":\"BreadcrumbList\",\"@id\":\"https:\\\/\\\/lisbonpubliclaw.pt\\\/blog\\\/tc-julga-inconstitucional-norma-que-determina-incidencia-e-a-taxa-a-aplicar-fornecedores-de-redes-servicos-de-comunicacoes\\\/#breadcrumb\",\"itemListElement\":[{\"@type\":\"ListItem\",\"position\":1,\"name\":\"Home\",\"item\":\"https:\\\/\\\/lisbonpubliclaw.pt\\\/\"},{\"@type\":\"ListItem\",\"position\":2,\"name\":\"Blog\",\"item\":\"https:\\\/\\\/lisbonpubliclaw.pt\\\/blog\\\/\"},{\"@type\":\"ListItem\",\"position\":3,\"name\":\"Tribunal Constitucional julga inconstitucional norma que determina a incid\u00eancia e a taxa a aplicar em rela\u00e7\u00e3o aos fornecedores de redes e servi\u00e7os de comunica\u00e7\u00f5es eletr\u00f3nicas\"}]},{\"@type\":\"WebSite\",\"@id\":\"https:\\\/\\\/lisbonpubliclaw.pt\\\/#website\",\"url\":\"https:\\\/\\\/lisbonpubliclaw.pt\\\/\",\"name\":\"Lisbon Public Law\",\"description\":\"Public Law Research Centre in Lisbon\",\"publisher\":{\"@id\":\"https:\\\/\\\/lisbonpubliclaw.pt\\\/#organization\"},\"potentialAction\":[{\"@type\":\"SearchAction\",\"target\":{\"@type\":\"EntryPoint\",\"urlTemplate\":\"https:\\\/\\\/lisbonpubliclaw.pt\\\/?s={search_term_string}\"},\"query-input\":{\"@type\":\"PropertyValueSpecification\",\"valueRequired\":true,\"valueName\":\"search_term_string\"}}],\"inLanguage\":\"en-US\"},{\"@type\":\"Organization\",\"@id\":\"https:\\\/\\\/lisbonpubliclaw.pt\\\/#organization\",\"name\":\"Lisbon Public Law\",\"url\":\"https:\\\/\\\/lisbonpubliclaw.pt\\\/\",\"logo\":{\"@type\":\"ImageObject\",\"inLanguage\":\"en-US\",\"@id\":\"https:\\\/\\\/lisbonpubliclaw.pt\\\/#\\\/schema\\\/logo\\\/image\\\/\",\"url\":\"https:\\\/\\\/lisbonpubliclaw.pt\\\/wp-content\\\/uploads\\\/2023\\\/06\\\/WhatsApp-Image-2023-06-19-at-11.01.50-1.jpeg\",\"contentUrl\":\"https:\\\/\\\/lisbonpubliclaw.pt\\\/wp-content\\\/uploads\\\/2023\\\/06\\\/WhatsApp-Image-2023-06-19-at-11.01.50-1.jpeg\",\"width\":354,\"height\":354,\"caption\":\"Lisbon Public Law\"},\"image\":{\"@id\":\"https:\\\/\\\/lisbonpubliclaw.pt\\\/#\\\/schema\\\/logo\\\/image\\\/\"}}]}<\/script>\n<!-- \/ Yoast SEO plugin. -->","yoast_head_json":{"title":"Tribunal Constitucional julga inconstitucional norma que determina a incid\u00eancia e a taxa a aplicar em rela\u00e7\u00e3o aos fornecedores de redes e servi\u00e7os de comunica\u00e7\u00f5es eletr\u00f3nicas - Lisbon Public Law","description":"Through Ruling No. 779\/2024, the Constitutional Court, in successive abstract review, declared unconstitutional the provision defining the scope and rates applicable to providers of electronic communications networks and services.","robots":{"index":"index","follow":"follow","max-snippet":"max-snippet:-1","max-image-preview":"max-image-preview:large","max-video-preview":"max-video-preview:-1"},"canonical":"https:\/\/lisbonpubliclaw.pt\/en\/blog\/tc-julga-inconstitucional-norma-que-determina-incidencia-e-a-taxa-a-aplicar-fornecedores-de-redes-servicos-de-comunicacoes\/","og_locale":"en_US","og_type":"article","og_title":"Tribunal Constitucional julga inconstitucional norma que determina a incid\u00eancia e a taxa a aplicar em rela\u00e7\u00e3o aos fornecedores de redes e servi\u00e7os de comunica\u00e7\u00f5es eletr\u00f3nicas - Lisbon Public Law","og_description":"Por meio do Ac\u00f3rd\u00e3o n.\u00ba 779\/2024, o Tribunal Constitucional, em fiscaliza\u00e7\u00e3o abstrata sucessiva, decidiu julgar inconstitucional norma que determina a incid\u00eancia e a taxa a aplicar em rela\u00e7\u00e3o aos fornecedores de redes e servi\u00e7os de comunica\u00e7\u00f5es eletr\u00f3nicas.","og_url":"https:\/\/lisbonpubliclaw.pt\/en\/blog\/tc-julga-inconstitucional-norma-que-determina-incidencia-e-a-taxa-a-aplicar-fornecedores-de-redes-servicos-de-comunicacoes\/","og_site_name":"Lisbon Public Law","article_modified_time":"2024-11-28T12:35:13+00:00","twitter_card":"summary_large_image","twitter_misc":{"Est. reading time":"3 minutes"},"schema":{"@context":"https:\/\/schema.org","@graph":[{"@type":"WebPage","@id":"https:\/\/lisbonpubliclaw.pt\/blog\/tc-julga-inconstitucional-norma-que-determina-incidencia-e-a-taxa-a-aplicar-fornecedores-de-redes-servicos-de-comunicacoes\/","url":"https:\/\/lisbonpubliclaw.pt\/blog\/tc-julga-inconstitucional-norma-que-determina-incidencia-e-a-taxa-a-aplicar-fornecedores-de-redes-servicos-de-comunicacoes\/","name":"Tribunal Constitucional julga inconstitucional norma que determina a incid\u00eancia e a taxa a aplicar em rela\u00e7\u00e3o aos fornecedores de redes e servi\u00e7os de comunica\u00e7\u00f5es eletr\u00f3nicas - Lisbon Public Law","isPartOf":{"@id":"https:\/\/lisbonpubliclaw.pt\/#website"},"datePublished":"2024-11-26T12:33:51+00:00","dateModified":"2024-11-28T12:35:13+00:00","description":"Through Ruling No. 779\/2024, the Constitutional Court, in successive abstract review, declared unconstitutional the provision defining the scope and rates applicable to providers of electronic communications networks and services.","breadcrumb":{"@id":"https:\/\/lisbonpubliclaw.pt\/blog\/tc-julga-inconstitucional-norma-que-determina-incidencia-e-a-taxa-a-aplicar-fornecedores-de-redes-servicos-de-comunicacoes\/#breadcrumb"},"inLanguage":"en-US","potentialAction":[{"@type":"ReadAction","target":["https:\/\/lisbonpubliclaw.pt\/blog\/tc-julga-inconstitucional-norma-que-determina-incidencia-e-a-taxa-a-aplicar-fornecedores-de-redes-servicos-de-comunicacoes\/"]}]},{"@type":"BreadcrumbList","@id":"https:\/\/lisbonpubliclaw.pt\/blog\/tc-julga-inconstitucional-norma-que-determina-incidencia-e-a-taxa-a-aplicar-fornecedores-de-redes-servicos-de-comunicacoes\/#breadcrumb","itemListElement":[{"@type":"ListItem","position":1,"name":"Home","item":"https:\/\/lisbonpubliclaw.pt\/"},{"@type":"ListItem","position":2,"name":"Blog","item":"https:\/\/lisbonpubliclaw.pt\/blog\/"},{"@type":"ListItem","position":3,"name":"Tribunal Constitucional julga inconstitucional norma que determina a incid\u00eancia e a taxa a aplicar em rela\u00e7\u00e3o aos fornecedores de redes e servi\u00e7os de comunica\u00e7\u00f5es eletr\u00f3nicas"}]},{"@type":"WebSite","@id":"https:\/\/lisbonpubliclaw.pt\/#website","url":"https:\/\/lisbonpubliclaw.pt\/","name":"Lisbon Public Law","description":"Public Law Research Centre in Lisbon","publisher":{"@id":"https:\/\/lisbonpubliclaw.pt\/#organization"},"potentialAction":[{"@type":"SearchAction","target":{"@type":"EntryPoint","urlTemplate":"https:\/\/lisbonpubliclaw.pt\/?s={search_term_string}"},"query-input":{"@type":"PropertyValueSpecification","valueRequired":true,"valueName":"search_term_string"}}],"inLanguage":"en-US"},{"@type":"Organization","@id":"https:\/\/lisbonpubliclaw.pt\/#organization","name":"Lisbon Public Law","url":"https:\/\/lisbonpubliclaw.pt\/","logo":{"@type":"ImageObject","inLanguage":"en-US","@id":"https:\/\/lisbonpubliclaw.pt\/#\/schema\/logo\/image\/","url":"https:\/\/lisbonpubliclaw.pt\/wp-content\/uploads\/2023\/06\/WhatsApp-Image-2023-06-19-at-11.01.50-1.jpeg","contentUrl":"https:\/\/lisbonpubliclaw.pt\/wp-content\/uploads\/2023\/06\/WhatsApp-Image-2023-06-19-at-11.01.50-1.jpeg","width":354,"height":354,"caption":"Lisbon Public Law"},"image":{"@id":"https:\/\/lisbonpubliclaw.pt\/#\/schema\/logo\/image\/"}}]}},"_links":{"self":[{"href":"https:\/\/lisbonpubliclaw.pt\/en\/wp-json\/wp\/v2\/blog\/7173","targetHints":{"allow":["GET"]}}],"collection":[{"href":"https:\/\/lisbonpubliclaw.pt\/en\/wp-json\/wp\/v2\/blog"}],"about":[{"href":"https:\/\/lisbonpubliclaw.pt\/en\/wp-json\/wp\/v2\/types\/blog"}],"wp:attachment":[{"href":"https:\/\/lisbonpubliclaw.pt\/en\/wp-json\/wp\/v2\/media?parent=7173"}],"wp:term":[{"taxonomy":"categoria-blog-observatorio","embeddable":true,"href":"https:\/\/lisbonpubliclaw.pt\/en\/wp-json\/wp\/v2\/categoria-blog-observatorio?post=7173"},{"taxonomy":"cluster","embeddable":true,"href":"https:\/\/lisbonpubliclaw.pt\/en\/wp-json\/wp\/v2\/cluster?post=7173"},{"taxonomy":"grupo-de-investigacao","embeddable":true,"href":"https:\/\/lisbonpubliclaw.pt\/en\/wp-json\/wp\/v2\/grupo-de-investigacao?post=7173"}],"curies":[{"name":"wp","href":"https:\/\/api.w.org\/{rel}","templated":true}]}}