{"id":7167,"date":"2024-11-22T15:46:05","date_gmt":"2024-11-22T15:46:05","guid":{"rendered":"https:\/\/lisbonpubliclaw.pt\/?post_type=blog&#038;p=7167"},"modified":"2024-11-22T15:46:06","modified_gmt":"2024-11-22T15:46:06","slug":"tribunal-constitucional-considera-nao-inconstitucional-uso-indexante-apoios-sociais","status":"publish","type":"blog","link":"https:\/\/lisbonpubliclaw.pt\/en\/blog\/tribunal-constitucional-considera-nao-inconstitucional-uso-indexante-apoios-sociais\/","title":{"rendered":"Constitutional Court Upholds Use of Social Support Index for Granting Assistance to Minors"},"content":{"rendered":"<p><strong>TC - Ruling No. 446\/2024<\/strong><\/p>\n\n\n\n<p class=\"translation-block\">In Ruling No. 446\/2024, the 3rd Division of the Constitutional Court, in concrete review, upheld the constitutionality of the provision that excludes granting financial support from the Fund for the Maintenance Allowance Due to Minors (FGADM) to minors belonging to households with a gross per capita income exceeding the value of the Social Support Index (IAS) but equal to or less than the minimum guaranteed monthly wage (RMMG).<\/p>\n\n\n\n<p>The appeal challenged the constitutionality of this provision, which arises from the combined interpretation of Article 1(1) of Law No. 75\/98, November 19, Article 3(1)(b) and (2) of Decree-Law No. 164\/99, May 13, and Article 5 of Decree-Law No. 70\/2010, June 16, alleging violations of Articles 1, 2, 13, and 69(1) and (2) of the Portuguese Constitution.<\/p>\n\n\n\n<p class=\"translation-block\">The contested rule denies FGADM benefits to minors whose household gross per capita income exceeds the IAS (\u20ac509.26) but remains equal to or below the RMMG (\u20ac820.00).<\/p>\n\n\n\n<p class=\"translation-block\">Regarding alleged violations of human dignity, access to social rights, and child protection (Articles 1, 2, and 69 of the Constitution) the Court noted that the provision did not abolish minors\u2019 maintenance guarantees. Replacing the RMMG with the IAS as the reference parameter for determining eligibility might reduce the number of children and youth eligible for the benefit. However, the provision also increased the maximum monthly amount available to each entitled child by replacing the previous cap of \u20ac408.00 (4 UC) with the IAS value.<\/p>\n\n\n\n<p>On the appropriateness of the IAS as a reference, the Court dismissed claims that it represents a benchmark for economic indigence, emphasizing its relevance.<\/p>\n\n\n\n<p>The FGADM\u2019s role was reiterated as complementary and not comparable to that of the legally obligated provider of child maintenance.<\/p>\n\n\n\n<p>The Court highlighted the state's autonomy to set rules for social rights and human dignity.<\/p>\n\n\n\n<p class=\"translation-block\">The Court also noted that the challenged legislation was part of a broader fiscal strategy under the Economic and Financial Assistance Program (PAEF), agreed between Portugal, the EU, and the IMF during 2011\u20132014 (the so-called \"Troika program\"). The socio-economic context of its approval was deemed relevant.<\/p>\n\n\n\n<p class=\"translation-block\">While acknowledging the state's constitutional obligation to provide social benefits to ensure minimum living standards and the integral development of minors, the Constitution grants the democratically elected legislature-wide discretion in defining allocation models, regimes, and tools.<\/p>\n\n\n\n<p class=\"translation-block\">On the alleged discrimination between single-parent and two-parent families, the Court found no evidence of inequality in treatment, as the provision applies regardless of the caregiver\u2019s gender or the defaulter\u2019s gender.<\/p>\n\n\n\n<p class=\"translation-block\">The Court, however, did not address potential indirect gender inequalities arising from the reality that mothers are often burdened with supporting minor children.<\/p>\n\n\n\n<p class=\"translation-block\">Finally, on concerns of social regression due to changing FGADM parameters, the Court rejected claims of a retrogression prohibition in such cases, noting that the legislature's discretionary scope is tied to the principle of democratic alternation, which inherently allows for revisiting policy decisions over time.<\/p>\n\n\n\n<p>We invite everyone to follow the Observatory on social media for more relevant and up-to-date content on Constitutional Justice.<\/p>\n\n\n\n<p>Full text of the judgment available <a href=\"https:\/\/www.tribunalconstitucional.pt\/tc\/acordaos\/20240446.html\">here<\/a>.<\/p>\n\n\n\n<p><\/p>","protected":false},"template":"","meta":[],"categoria-blog-observatorio":[75,84],"cluster":[51],"grupo-de-investigacao":[],"class_list":["post-7167","blog","type-blog","status-publish","hentry","categoria-blog-observatorio-direitos-fundamentais","categoria-blog-observatorio-protecao_dos_refugiados","cluster-observatorio-de-justica-constitucional"],"yoast_head":"<!-- This site is optimized with the Yoast SEO plugin v27.5 - https:\/\/yoast.com\/product\/yoast-seo-wordpress\/ -->\n<title>Tribunal Constitucional considera n\u00e3o inconstitucional o uso do Indexante dos Apoios Sociais para a concess\u00e3o de aux\u00edlio a menores - Lisbon Public Law<\/title>\n<meta name=\"description\" content=\"Por meio do Ac\u00f3rd\u00e3o n.\u00ba 446\/2024, a 3.\u00aa Sec\u00e7\u00e3o do Tribunal Constitucional, em fiscaliza\u00e7\u00e3o concreta, decidiu pela n\u00e3o inconstitucionalidade da norma que n\u00e3o permite a atribui\u00e7\u00e3o da presta\u00e7\u00e3o a cargo do Fundo de Garantia dos Alimentos Devidos a Menores ao alimentado menor que integre agregado familiar cujo rendimento il\u00edquido per capita seja superior ao valor do Indexante dos Apoios Sociais (IAS), mas igual ou inferior ao valor da retribui\u00e7\u00e3o m\u00ednima mensal garantida.\" \/>\n<meta name=\"robots\" content=\"index, follow, max-snippet:-1, max-image-preview:large, max-video-preview:-1\" \/>\n<link rel=\"canonical\" href=\"https:\/\/lisbonpubliclaw.pt\/en\/blog\/tribunal-constitucional-considera-nao-inconstitucional-uso-indexante-apoios-sociais\/\" \/>\n<meta property=\"og:locale\" content=\"en_US\" \/>\n<meta property=\"og:type\" content=\"article\" \/>\n<meta property=\"og:title\" content=\"Tribunal Constitucional considera n\u00e3o inconstitucional o uso do Indexante dos Apoios Sociais para a concess\u00e3o de aux\u00edlio a menores - Lisbon Public Law\" \/>\n<meta property=\"og:description\" content=\"Por meio do Ac\u00f3rd\u00e3o n.\u00ba 446\/2024, a 3.\u00aa Sec\u00e7\u00e3o do Tribunal Constitucional, em fiscaliza\u00e7\u00e3o concreta, decidiu pela n\u00e3o inconstitucionalidade da norma que n\u00e3o permite a atribui\u00e7\u00e3o da presta\u00e7\u00e3o a cargo do Fundo de Garantia dos Alimentos Devidos a Menores ao alimentado menor que integre agregado familiar cujo rendimento il\u00edquido per capita seja superior ao valor do Indexante dos Apoios Sociais (IAS), mas igual ou inferior ao valor da retribui\u00e7\u00e3o m\u00ednima mensal garantida.\" \/>\n<meta property=\"og:url\" content=\"https:\/\/lisbonpubliclaw.pt\/en\/blog\/tribunal-constitucional-considera-nao-inconstitucional-uso-indexante-apoios-sociais\/\" \/>\n<meta property=\"og:site_name\" content=\"Lisbon Public Law\" \/>\n<meta property=\"article:modified_time\" content=\"2024-11-22T15:46:06+00:00\" \/>\n<meta name=\"twitter:card\" content=\"summary_large_image\" \/>\n<meta name=\"twitter:label1\" content=\"Est. reading time\" \/>\n\t<meta name=\"twitter:data1\" content=\"5 minutes\" \/>\n<script type=\"application\/ld+json\" class=\"yoast-schema-graph\">{\"@context\":\"https:\\\/\\\/schema.org\",\"@graph\":[{\"@type\":\"WebPage\",\"@id\":\"https:\\\/\\\/lisbonpubliclaw.pt\\\/blog\\\/tribunal-constitucional-considera-nao-inconstitucional-uso-indexante-apoios-sociais\\\/\",\"url\":\"https:\\\/\\\/lisbonpubliclaw.pt\\\/blog\\\/tribunal-constitucional-considera-nao-inconstitucional-uso-indexante-apoios-sociais\\\/\",\"name\":\"Tribunal Constitucional considera n\u00e3o inconstitucional o uso do Indexante dos Apoios Sociais para a concess\u00e3o de aux\u00edlio a menores - Lisbon Public Law\",\"isPartOf\":{\"@id\":\"https:\\\/\\\/lisbonpubliclaw.pt\\\/#website\"},\"datePublished\":\"2024-11-22T15:46:05+00:00\",\"dateModified\":\"2024-11-22T15:46:06+00:00\",\"description\":\"Por meio do Ac\u00f3rd\u00e3o n.\u00ba 446\\\/2024, a 3.\u00aa Sec\u00e7\u00e3o do Tribunal Constitucional, em fiscaliza\u00e7\u00e3o concreta, decidiu pela n\u00e3o inconstitucionalidade da norma que n\u00e3o permite a atribui\u00e7\u00e3o da presta\u00e7\u00e3o a cargo do Fundo de Garantia dos Alimentos Devidos a Menores ao alimentado menor que integre agregado familiar cujo rendimento il\u00edquido per capita seja superior ao valor do Indexante dos Apoios Sociais (IAS), mas igual ou inferior ao valor da retribui\u00e7\u00e3o m\u00ednima mensal garantida.\",\"breadcrumb\":{\"@id\":\"https:\\\/\\\/lisbonpubliclaw.pt\\\/blog\\\/tribunal-constitucional-considera-nao-inconstitucional-uso-indexante-apoios-sociais\\\/#breadcrumb\"},\"inLanguage\":\"en-US\",\"potentialAction\":[{\"@type\":\"ReadAction\",\"target\":[\"https:\\\/\\\/lisbonpubliclaw.pt\\\/blog\\\/tribunal-constitucional-considera-nao-inconstitucional-uso-indexante-apoios-sociais\\\/\"]}]},{\"@type\":\"BreadcrumbList\",\"@id\":\"https:\\\/\\\/lisbonpubliclaw.pt\\\/blog\\\/tribunal-constitucional-considera-nao-inconstitucional-uso-indexante-apoios-sociais\\\/#breadcrumb\",\"itemListElement\":[{\"@type\":\"ListItem\",\"position\":1,\"name\":\"Home\",\"item\":\"https:\\\/\\\/lisbonpubliclaw.pt\\\/\"},{\"@type\":\"ListItem\",\"position\":2,\"name\":\"Blog\",\"item\":\"https:\\\/\\\/lisbonpubliclaw.pt\\\/blog\\\/\"},{\"@type\":\"ListItem\",\"position\":3,\"name\":\"Tribunal Constitucional considera n\u00e3o inconstitucional o uso do Indexante dos Apoios Sociais para a concess\u00e3o de aux\u00edlio a menores\"}]},{\"@type\":\"WebSite\",\"@id\":\"https:\\\/\\\/lisbonpubliclaw.pt\\\/#website\",\"url\":\"https:\\\/\\\/lisbonpubliclaw.pt\\\/\",\"name\":\"Lisbon Public Law\",\"description\":\"Public Law Research Centre in Lisbon\",\"publisher\":{\"@id\":\"https:\\\/\\\/lisbonpubliclaw.pt\\\/#organization\"},\"potentialAction\":[{\"@type\":\"SearchAction\",\"target\":{\"@type\":\"EntryPoint\",\"urlTemplate\":\"https:\\\/\\\/lisbonpubliclaw.pt\\\/?s={search_term_string}\"},\"query-input\":{\"@type\":\"PropertyValueSpecification\",\"valueRequired\":true,\"valueName\":\"search_term_string\"}}],\"inLanguage\":\"en-US\"},{\"@type\":\"Organization\",\"@id\":\"https:\\\/\\\/lisbonpubliclaw.pt\\\/#organization\",\"name\":\"Lisbon Public Law\",\"url\":\"https:\\\/\\\/lisbonpubliclaw.pt\\\/\",\"logo\":{\"@type\":\"ImageObject\",\"inLanguage\":\"en-US\",\"@id\":\"https:\\\/\\\/lisbonpubliclaw.pt\\\/#\\\/schema\\\/logo\\\/image\\\/\",\"url\":\"https:\\\/\\\/lisbonpubliclaw.pt\\\/wp-content\\\/uploads\\\/2023\\\/06\\\/WhatsApp-Image-2023-06-19-at-11.01.50-1.jpeg\",\"contentUrl\":\"https:\\\/\\\/lisbonpubliclaw.pt\\\/wp-content\\\/uploads\\\/2023\\\/06\\\/WhatsApp-Image-2023-06-19-at-11.01.50-1.jpeg\",\"width\":354,\"height\":354,\"caption\":\"Lisbon Public Law\"},\"image\":{\"@id\":\"https:\\\/\\\/lisbonpubliclaw.pt\\\/#\\\/schema\\\/logo\\\/image\\\/\"}}]}<\/script>\n<!-- \/ Yoast SEO plugin. -->","yoast_head_json":{"title":"Tribunal Constitucional considera n\u00e3o inconstitucional o uso do Indexante dos Apoios Sociais para a concess\u00e3o de aux\u00edlio a menores - Lisbon Public Law","description":"Por meio do Ac\u00f3rd\u00e3o n.\u00ba 446\/2024, a 3.\u00aa Sec\u00e7\u00e3o do Tribunal Constitucional, em fiscaliza\u00e7\u00e3o concreta, decidiu pela n\u00e3o inconstitucionalidade da norma que n\u00e3o permite a atribui\u00e7\u00e3o da presta\u00e7\u00e3o a cargo do Fundo de Garantia dos Alimentos Devidos a Menores ao alimentado menor que integre agregado familiar cujo rendimento il\u00edquido per capita seja superior ao valor do Indexante dos Apoios Sociais (IAS), mas igual ou inferior ao valor da retribui\u00e7\u00e3o m\u00ednima mensal garantida.","robots":{"index":"index","follow":"follow","max-snippet":"max-snippet:-1","max-image-preview":"max-image-preview:large","max-video-preview":"max-video-preview:-1"},"canonical":"https:\/\/lisbonpubliclaw.pt\/en\/blog\/tribunal-constitucional-considera-nao-inconstitucional-uso-indexante-apoios-sociais\/","og_locale":"en_US","og_type":"article","og_title":"Tribunal Constitucional considera n\u00e3o inconstitucional o uso do Indexante dos Apoios Sociais para a concess\u00e3o de aux\u00edlio a menores - Lisbon Public Law","og_description":"Por meio do Ac\u00f3rd\u00e3o n.\u00ba 446\/2024, a 3.\u00aa Sec\u00e7\u00e3o do Tribunal Constitucional, em fiscaliza\u00e7\u00e3o concreta, decidiu pela n\u00e3o inconstitucionalidade da norma que n\u00e3o permite a atribui\u00e7\u00e3o da presta\u00e7\u00e3o a cargo do Fundo de Garantia dos Alimentos Devidos a Menores ao alimentado menor que integre agregado familiar cujo rendimento il\u00edquido per capita seja superior ao valor do Indexante dos Apoios Sociais (IAS), mas igual ou inferior ao valor da retribui\u00e7\u00e3o m\u00ednima mensal garantida.","og_url":"https:\/\/lisbonpubliclaw.pt\/en\/blog\/tribunal-constitucional-considera-nao-inconstitucional-uso-indexante-apoios-sociais\/","og_site_name":"Lisbon Public Law","article_modified_time":"2024-11-22T15:46:06+00:00","twitter_card":"summary_large_image","twitter_misc":{"Est. reading time":"5 minutes"},"schema":{"@context":"https:\/\/schema.org","@graph":[{"@type":"WebPage","@id":"https:\/\/lisbonpubliclaw.pt\/blog\/tribunal-constitucional-considera-nao-inconstitucional-uso-indexante-apoios-sociais\/","url":"https:\/\/lisbonpubliclaw.pt\/blog\/tribunal-constitucional-considera-nao-inconstitucional-uso-indexante-apoios-sociais\/","name":"Tribunal Constitucional considera n\u00e3o inconstitucional o uso do Indexante dos Apoios Sociais para a concess\u00e3o de aux\u00edlio a menores - Lisbon Public Law","isPartOf":{"@id":"https:\/\/lisbonpubliclaw.pt\/#website"},"datePublished":"2024-11-22T15:46:05+00:00","dateModified":"2024-11-22T15:46:06+00:00","description":"Por meio do Ac\u00f3rd\u00e3o n.\u00ba 446\/2024, a 3.\u00aa Sec\u00e7\u00e3o do Tribunal Constitucional, em fiscaliza\u00e7\u00e3o concreta, decidiu pela n\u00e3o inconstitucionalidade da norma que n\u00e3o permite a atribui\u00e7\u00e3o da presta\u00e7\u00e3o a cargo do Fundo de Garantia dos Alimentos Devidos a Menores ao alimentado menor que integre agregado familiar cujo rendimento il\u00edquido per capita seja superior ao valor do Indexante dos Apoios Sociais (IAS), mas igual ou inferior ao valor da retribui\u00e7\u00e3o m\u00ednima mensal garantida.","breadcrumb":{"@id":"https:\/\/lisbonpubliclaw.pt\/blog\/tribunal-constitucional-considera-nao-inconstitucional-uso-indexante-apoios-sociais\/#breadcrumb"},"inLanguage":"en-US","potentialAction":[{"@type":"ReadAction","target":["https:\/\/lisbonpubliclaw.pt\/blog\/tribunal-constitucional-considera-nao-inconstitucional-uso-indexante-apoios-sociais\/"]}]},{"@type":"BreadcrumbList","@id":"https:\/\/lisbonpubliclaw.pt\/blog\/tribunal-constitucional-considera-nao-inconstitucional-uso-indexante-apoios-sociais\/#breadcrumb","itemListElement":[{"@type":"ListItem","position":1,"name":"Home","item":"https:\/\/lisbonpubliclaw.pt\/"},{"@type":"ListItem","position":2,"name":"Blog","item":"https:\/\/lisbonpubliclaw.pt\/blog\/"},{"@type":"ListItem","position":3,"name":"Tribunal Constitucional considera n\u00e3o inconstitucional o uso do Indexante dos Apoios Sociais para a concess\u00e3o de aux\u00edlio a menores"}]},{"@type":"WebSite","@id":"https:\/\/lisbonpubliclaw.pt\/#website","url":"https:\/\/lisbonpubliclaw.pt\/","name":"Lisbon Public Law","description":"Public Law Research Centre in Lisbon","publisher":{"@id":"https:\/\/lisbonpubliclaw.pt\/#organization"},"potentialAction":[{"@type":"SearchAction","target":{"@type":"EntryPoint","urlTemplate":"https:\/\/lisbonpubliclaw.pt\/?s={search_term_string}"},"query-input":{"@type":"PropertyValueSpecification","valueRequired":true,"valueName":"search_term_string"}}],"inLanguage":"en-US"},{"@type":"Organization","@id":"https:\/\/lisbonpubliclaw.pt\/#organization","name":"Lisbon Public Law","url":"https:\/\/lisbonpubliclaw.pt\/","logo":{"@type":"ImageObject","inLanguage":"en-US","@id":"https:\/\/lisbonpubliclaw.pt\/#\/schema\/logo\/image\/","url":"https:\/\/lisbonpubliclaw.pt\/wp-content\/uploads\/2023\/06\/WhatsApp-Image-2023-06-19-at-11.01.50-1.jpeg","contentUrl":"https:\/\/lisbonpubliclaw.pt\/wp-content\/uploads\/2023\/06\/WhatsApp-Image-2023-06-19-at-11.01.50-1.jpeg","width":354,"height":354,"caption":"Lisbon Public Law"},"image":{"@id":"https:\/\/lisbonpubliclaw.pt\/#\/schema\/logo\/image\/"}}]}},"_links":{"self":[{"href":"https:\/\/lisbonpubliclaw.pt\/en\/wp-json\/wp\/v2\/blog\/7167","targetHints":{"allow":["GET"]}}],"collection":[{"href":"https:\/\/lisbonpubliclaw.pt\/en\/wp-json\/wp\/v2\/blog"}],"about":[{"href":"https:\/\/lisbonpubliclaw.pt\/en\/wp-json\/wp\/v2\/types\/blog"}],"wp:attachment":[{"href":"https:\/\/lisbonpubliclaw.pt\/en\/wp-json\/wp\/v2\/media?parent=7167"}],"wp:term":[{"taxonomy":"categoria-blog-observatorio","embeddable":true,"href":"https:\/\/lisbonpubliclaw.pt\/en\/wp-json\/wp\/v2\/categoria-blog-observatorio?post=7167"},{"taxonomy":"cluster","embeddable":true,"href":"https:\/\/lisbonpubliclaw.pt\/en\/wp-json\/wp\/v2\/cluster?post=7167"},{"taxonomy":"grupo-de-investigacao","embeddable":true,"href":"https:\/\/lisbonpubliclaw.pt\/en\/wp-json\/wp\/v2\/grupo-de-investigacao?post=7167"}],"curies":[{"name":"wp","href":"https:\/\/api.w.org\/{rel}","templated":true}]}}