{"id":6851,"date":"2024-11-06T10:40:17","date_gmt":"2024-11-06T10:40:17","guid":{"rendered":"https:\/\/lisbonpubliclaw.pt\/?post_type=blog&#038;p=6851"},"modified":"2024-11-08T11:23:48","modified_gmt":"2024-11-08T11:23:48","slug":"acordao-471-2024","status":"publish","type":"blog","link":"https:\/\/lisbonpubliclaw.pt\/en\/blog\/acordao-471-2024\/","title":{"rendered":"Constitutional Court Recognizes Constitutionality of Law Granting Amnesty for Crimes Committed by \u201cYoung People\u201d During World Youth Day"},"content":{"rendered":"<p><strong>Case No. 1112<\/strong><\/p>\n\n\n\n<p>The Constitutional Court, through <strong>Ruling No. 471\/2024<\/strong>, decided on the constitutionality of a law that grants amnesty for crimes committed by \"young people\" during World Youth Day.<\/p>\n\n\n\n<p>This concerns a criminal procedure in which the accused was charged with \u201cthe crime of driving without a legal license and the crime of driving under the influence of alcohol.\u201d The Public Prosecutor\u2019s Office appealed to the Constitutional Court to challenge the constitutionality of \u201cthe age limit of 30 years, imposed by the provision described in Article 2, No. 1 of Law No. 38-A\/2023, of August 2, as materially unconstitutional, due to a violation of the norm of Article 13, No. 2 of the Constitution and considering the partial unconstitutionality of the 30-year age limit.\u201d<\/p>\n\n\n\n<p>The prominent issue addressed by the Constitutional Court concerned the analysis of the constitutionality of the age criterion for applying the amnesty provision under Law No. 38-A\/2023, in light of the equality imperative set forth in Article 13, No. 2 of the Constitution.<\/p>\n\n\n\n<p>In this regard, the ruling noted that \u201cthe principle of equality has particular implications in criminal law.\u201d Thus, it would be possible to differentiate the treatment of offenders depending on their characteristics, the context in which they are situated, or the consequences of their actions, provided that the criteria presented for this differentiation are materially founded and reasonable.<\/p>\n\n\n\n<p>It was highlighted that \u201cthe Constitution only prohibits differentiated treatment of situations when it appears arbitrary, without material foundation, and it is necessary to specify the meaning of legal equality.\u201d<\/p>\n\n\n\n<p>The Constitutional Court, maintaining its established position, opted to reaffirm its limited role in overseeing legislative activity without delving more specifically into the motivations behind legislative acts.<\/p>\n\n\n\n<p>The decision also stated that \u201cit is not for the Constitutional Court to assess the appropriateness of the qualification of \u2018young people\u2019 when applied to individuals up to 30 years old,\u201d but rather to recognize that there is an objective connection that ensures a minimally coherent justification when comparing the age limit determined by the legislator with the context of the celebration associated with the amnesty (World Youth Day), \u201cwhich is sufficient to conclude that the criterion for distinguishing the recipients of the provision is not arbitrary.\u201d<\/p>\n\n\n\n<p>It is worth noting that the decision was not unanimous, and the dissenting opinions are part of the ruling. In his opinion, Judge Gon\u00e7alo de Almeida Ribeiro, although he agreed with the constitutionality of the provision in question, pointed out that even \u201cif one admits, in the abstract or in principle, the constitutionality of commemorative amnesties, I do not believe that the reasons invoked in the bill and that permeate the entire law are legitimate, that is, capable of justifying the sacrifice of penal equality.\u201d<\/p>\n\n\n\n<p>Judge Rui Guerra da Fonseca, who was in the minority, emphasized that the legislator's motivation for \u201ca subjective delimitation of the scope based on age\u201d seems to have been the \u201cPope's visit, especially\u201d World Youth Day. However, he pointed out, \u201cany discrimination that adopts age as a criterion needs to be supported by and justify distinctions based on that personal characteristic, meaning the necessity of using such a distinctive criterion,\u201d which was not observed in the provision contained in Article 2, No. 1 of Law No. 38-A\/2023, given the aforementioned legislative motivation, causing unjustified penal discrimination.<\/p>\n\n\n\n<p>We invite everyone to follow the Observatory on social media for more relevant and up-to-date content on Constitutional Justice.<\/p>\n\n\n\n<p>Full text of the judgment available <a href=\"http:\/\/www.tribunalconstitucional.pt\/tc\/acordaos\/20240471.html\">here<\/a>. <\/p>\n\n\n\n<p><\/p>","protected":false},"template":"","meta":[],"categoria-blog-observatorio":[76,75],"cluster":[51],"grupo-de-investigacao":[],"class_list":["post-6851","blog","type-blog","status-publish","hentry","categoria-blog-observatorio-direito_penal","categoria-blog-observatorio-direitos-fundamentais","cluster-observatorio-de-justica-constitucional"],"yoast_head":"<!-- This site is optimized with the Yoast SEO plugin v27.5 - https:\/\/yoast.com\/product\/yoast-seo-wordpress\/ -->\n<title>Tribunal Constitucional reconhece constitucionalidade de norma que garante amnistia a crimes praticados por \u201cjovens\u201d durante a Jornada Mundial da Juventude - Lisbon Public Law<\/title>\n<meta name=\"description\" content=\"O Tribunal Constitucional decidiu, por meio do Ac\u00f3rd\u00e3o n\u00ba 471\/2024, pela n\u00e3o inconstitucionalidade de norma que garante amnistia a crimes praticados por \u201cjovens\u201d por ocasi\u00e3o da Jornada Mundial da Juventude. Cuida-se de procedimento criminal no qual imputa-se o cometimento da \u201cpr\u00e1tica de um crime de condu\u00e7\u00e3o sem habilita\u00e7\u00e3o legal e um crime de condu\u00e7\u00e3o em estado de embriaguez\u201d. O Minist\u00e9rio P\u00fablico interp\u00f4s ao TC tendo por objeto a discuss\u00e3o da inconstitucionalidade do \u201climite imposto de 30 anos, pela norma descrita no artigo 2. n.\u00ba 1 da Lei n.\u00ba 38-A\/2023, de 2\/8, como materialmente inconstitucional, por ofensa \u00e0 norma do artigo 13, n.\u00ba 2 da CRP e atenta a inconstitucionalidade parcial do limite de 30 anos\u201d.\" \/>\n<meta name=\"robots\" content=\"index, follow, max-snippet:-1, max-image-preview:large, max-video-preview:-1\" \/>\n<link rel=\"canonical\" href=\"https:\/\/lisbonpubliclaw.pt\/en\/blog\/acordao-471-2024\/\" \/>\n<meta property=\"og:locale\" content=\"en_US\" \/>\n<meta property=\"og:type\" content=\"article\" \/>\n<meta property=\"og:title\" content=\"Tribunal Constitucional reconhece constitucionalidade de norma que garante amnistia a crimes praticados por \u201cjovens\u201d durante a Jornada Mundial da Juventude - Lisbon Public Law\" \/>\n<meta property=\"og:description\" content=\"O Tribunal Constitucional decidiu, por meio do Ac\u00f3rd\u00e3o n\u00ba 471\/2024, pela n\u00e3o inconstitucionalidade de norma que garante amnistia a crimes praticados por \u201cjovens\u201d por ocasi\u00e3o da Jornada Mundial da Juventude. Cuida-se de procedimento criminal no qual imputa-se o cometimento da \u201cpr\u00e1tica de um crime de condu\u00e7\u00e3o sem habilita\u00e7\u00e3o legal e um crime de condu\u00e7\u00e3o em estado de embriaguez\u201d. O Minist\u00e9rio P\u00fablico interp\u00f4s ao TC tendo por objeto a discuss\u00e3o da inconstitucionalidade do \u201climite imposto de 30 anos, pela norma descrita no artigo 2. n.\u00ba 1 da Lei n.\u00ba 38-A\/2023, de 2\/8, como materialmente inconstitucional, por ofensa \u00e0 norma do artigo 13, n.\u00ba 2 da CRP e atenta a inconstitucionalidade parcial do limite de 30 anos\u201d.\" \/>\n<meta property=\"og:url\" content=\"https:\/\/lisbonpubliclaw.pt\/en\/blog\/acordao-471-2024\/\" \/>\n<meta property=\"og:site_name\" content=\"Lisbon Public Law\" \/>\n<meta property=\"article:modified_time\" content=\"2024-11-08T11:23:48+00:00\" \/>\n<meta name=\"twitter:card\" content=\"summary_large_image\" \/>\n<meta name=\"twitter:label1\" content=\"Est. reading time\" \/>\n\t<meta name=\"twitter:data1\" content=\"4 minutes\" \/>\n<script type=\"application\/ld+json\" class=\"yoast-schema-graph\">{\"@context\":\"https:\\\/\\\/schema.org\",\"@graph\":[{\"@type\":\"WebPage\",\"@id\":\"https:\\\/\\\/lisbonpubliclaw.pt\\\/blog\\\/acordao-471-2024\\\/\",\"url\":\"https:\\\/\\\/lisbonpubliclaw.pt\\\/blog\\\/acordao-471-2024\\\/\",\"name\":\"Tribunal Constitucional reconhece constitucionalidade de norma que garante amnistia a crimes praticados por \u201cjovens\u201d durante a Jornada Mundial da Juventude - Lisbon Public Law\",\"isPartOf\":{\"@id\":\"https:\\\/\\\/lisbonpubliclaw.pt\\\/#website\"},\"datePublished\":\"2024-11-06T10:40:17+00:00\",\"dateModified\":\"2024-11-08T11:23:48+00:00\",\"description\":\"O Tribunal Constitucional decidiu, por meio do Ac\u00f3rd\u00e3o n\u00ba 471\\\/2024, pela n\u00e3o inconstitucionalidade de norma que garante amnistia a crimes praticados por \u201cjovens\u201d por ocasi\u00e3o da Jornada Mundial da Juventude. Cuida-se de procedimento criminal no qual imputa-se o cometimento da \u201cpr\u00e1tica de um crime de condu\u00e7\u00e3o sem habilita\u00e7\u00e3o legal e um crime de condu\u00e7\u00e3o em estado de embriaguez\u201d. O Minist\u00e9rio P\u00fablico interp\u00f4s ao TC tendo por objeto a discuss\u00e3o da inconstitucionalidade do \u201climite imposto de 30 anos, pela norma descrita no artigo 2. n.\u00ba 1 da Lei n.\u00ba 38-A\\\/2023, de 2\\\/8, como materialmente inconstitucional, por ofensa \u00e0 norma do artigo 13, n.\u00ba 2 da CRP e atenta a inconstitucionalidade parcial do limite de 30 anos\u201d.\",\"breadcrumb\":{\"@id\":\"https:\\\/\\\/lisbonpubliclaw.pt\\\/blog\\\/acordao-471-2024\\\/#breadcrumb\"},\"inLanguage\":\"en-US\",\"potentialAction\":[{\"@type\":\"ReadAction\",\"target\":[\"https:\\\/\\\/lisbonpubliclaw.pt\\\/blog\\\/acordao-471-2024\\\/\"]}]},{\"@type\":\"BreadcrumbList\",\"@id\":\"https:\\\/\\\/lisbonpubliclaw.pt\\\/blog\\\/acordao-471-2024\\\/#breadcrumb\",\"itemListElement\":[{\"@type\":\"ListItem\",\"position\":1,\"name\":\"Home\",\"item\":\"https:\\\/\\\/lisbonpubliclaw.pt\\\/\"},{\"@type\":\"ListItem\",\"position\":2,\"name\":\"Blog\",\"item\":\"https:\\\/\\\/lisbonpubliclaw.pt\\\/blog\\\/\"},{\"@type\":\"ListItem\",\"position\":3,\"name\":\"Tribunal Constitucional reconhece constitucionalidade de norma que garante amnistia a crimes praticados por \u201cjovens\u201d durante a Jornada Mundial da Juventude\"}]},{\"@type\":\"WebSite\",\"@id\":\"https:\\\/\\\/lisbonpubliclaw.pt\\\/#website\",\"url\":\"https:\\\/\\\/lisbonpubliclaw.pt\\\/\",\"name\":\"Lisbon Public Law\",\"description\":\"Public Law Research Centre in Lisbon\",\"publisher\":{\"@id\":\"https:\\\/\\\/lisbonpubliclaw.pt\\\/#organization\"},\"potentialAction\":[{\"@type\":\"SearchAction\",\"target\":{\"@type\":\"EntryPoint\",\"urlTemplate\":\"https:\\\/\\\/lisbonpubliclaw.pt\\\/?s={search_term_string}\"},\"query-input\":{\"@type\":\"PropertyValueSpecification\",\"valueRequired\":true,\"valueName\":\"search_term_string\"}}],\"inLanguage\":\"en-US\"},{\"@type\":\"Organization\",\"@id\":\"https:\\\/\\\/lisbonpubliclaw.pt\\\/#organization\",\"name\":\"Lisbon Public Law\",\"url\":\"https:\\\/\\\/lisbonpubliclaw.pt\\\/\",\"logo\":{\"@type\":\"ImageObject\",\"inLanguage\":\"en-US\",\"@id\":\"https:\\\/\\\/lisbonpubliclaw.pt\\\/#\\\/schema\\\/logo\\\/image\\\/\",\"url\":\"https:\\\/\\\/lisbonpubliclaw.pt\\\/wp-content\\\/uploads\\\/2023\\\/06\\\/WhatsApp-Image-2023-06-19-at-11.01.50-1.jpeg\",\"contentUrl\":\"https:\\\/\\\/lisbonpubliclaw.pt\\\/wp-content\\\/uploads\\\/2023\\\/06\\\/WhatsApp-Image-2023-06-19-at-11.01.50-1.jpeg\",\"width\":354,\"height\":354,\"caption\":\"Lisbon Public Law\"},\"image\":{\"@id\":\"https:\\\/\\\/lisbonpubliclaw.pt\\\/#\\\/schema\\\/logo\\\/image\\\/\"}}]}<\/script>\n<!-- \/ Yoast SEO plugin. -->","yoast_head_json":{"title":"Tribunal Constitucional reconhece constitucionalidade de norma que garante amnistia a crimes praticados por \u201cjovens\u201d durante a Jornada Mundial da Juventude - Lisbon Public Law","description":"O Tribunal Constitucional decidiu, por meio do Ac\u00f3rd\u00e3o n\u00ba 471\/2024, pela n\u00e3o inconstitucionalidade de norma que garante amnistia a crimes praticados por \u201cjovens\u201d por ocasi\u00e3o da Jornada Mundial da Juventude. Cuida-se de procedimento criminal no qual imputa-se o cometimento da \u201cpr\u00e1tica de um crime de condu\u00e7\u00e3o sem habilita\u00e7\u00e3o legal e um crime de condu\u00e7\u00e3o em estado de embriaguez\u201d. O Minist\u00e9rio P\u00fablico interp\u00f4s ao TC tendo por objeto a discuss\u00e3o da inconstitucionalidade do \u201climite imposto de 30 anos, pela norma descrita no artigo 2. n.\u00ba 1 da Lei n.\u00ba 38-A\/2023, de 2\/8, como materialmente inconstitucional, por ofensa \u00e0 norma do artigo 13, n.\u00ba 2 da CRP e atenta a inconstitucionalidade parcial do limite de 30 anos\u201d.","robots":{"index":"index","follow":"follow","max-snippet":"max-snippet:-1","max-image-preview":"max-image-preview:large","max-video-preview":"max-video-preview:-1"},"canonical":"https:\/\/lisbonpubliclaw.pt\/en\/blog\/acordao-471-2024\/","og_locale":"en_US","og_type":"article","og_title":"Tribunal Constitucional reconhece constitucionalidade de norma que garante amnistia a crimes praticados por \u201cjovens\u201d durante a Jornada Mundial da Juventude - Lisbon Public Law","og_description":"O Tribunal Constitucional decidiu, por meio do Ac\u00f3rd\u00e3o n\u00ba 471\/2024, pela n\u00e3o inconstitucionalidade de norma que garante amnistia a crimes praticados por \u201cjovens\u201d por ocasi\u00e3o da Jornada Mundial da Juventude. Cuida-se de procedimento criminal no qual imputa-se o cometimento da \u201cpr\u00e1tica de um crime de condu\u00e7\u00e3o sem habilita\u00e7\u00e3o legal e um crime de condu\u00e7\u00e3o em estado de embriaguez\u201d. O Minist\u00e9rio P\u00fablico interp\u00f4s ao TC tendo por objeto a discuss\u00e3o da inconstitucionalidade do \u201climite imposto de 30 anos, pela norma descrita no artigo 2. n.\u00ba 1 da Lei n.\u00ba 38-A\/2023, de 2\/8, como materialmente inconstitucional, por ofensa \u00e0 norma do artigo 13, n.\u00ba 2 da CRP e atenta a inconstitucionalidade parcial do limite de 30 anos\u201d.","og_url":"https:\/\/lisbonpubliclaw.pt\/en\/blog\/acordao-471-2024\/","og_site_name":"Lisbon Public Law","article_modified_time":"2024-11-08T11:23:48+00:00","twitter_card":"summary_large_image","twitter_misc":{"Est. reading time":"4 minutes"},"schema":{"@context":"https:\/\/schema.org","@graph":[{"@type":"WebPage","@id":"https:\/\/lisbonpubliclaw.pt\/blog\/acordao-471-2024\/","url":"https:\/\/lisbonpubliclaw.pt\/blog\/acordao-471-2024\/","name":"Tribunal Constitucional reconhece constitucionalidade de norma que garante amnistia a crimes praticados por \u201cjovens\u201d durante a Jornada Mundial da Juventude - Lisbon Public Law","isPartOf":{"@id":"https:\/\/lisbonpubliclaw.pt\/#website"},"datePublished":"2024-11-06T10:40:17+00:00","dateModified":"2024-11-08T11:23:48+00:00","description":"O Tribunal Constitucional decidiu, por meio do Ac\u00f3rd\u00e3o n\u00ba 471\/2024, pela n\u00e3o inconstitucionalidade de norma que garante amnistia a crimes praticados por \u201cjovens\u201d por ocasi\u00e3o da Jornada Mundial da Juventude. Cuida-se de procedimento criminal no qual imputa-se o cometimento da \u201cpr\u00e1tica de um crime de condu\u00e7\u00e3o sem habilita\u00e7\u00e3o legal e um crime de condu\u00e7\u00e3o em estado de embriaguez\u201d. O Minist\u00e9rio P\u00fablico interp\u00f4s ao TC tendo por objeto a discuss\u00e3o da inconstitucionalidade do \u201climite imposto de 30 anos, pela norma descrita no artigo 2. n.\u00ba 1 da Lei n.\u00ba 38-A\/2023, de 2\/8, como materialmente inconstitucional, por ofensa \u00e0 norma do artigo 13, n.\u00ba 2 da CRP e atenta a inconstitucionalidade parcial do limite de 30 anos\u201d.","breadcrumb":{"@id":"https:\/\/lisbonpubliclaw.pt\/blog\/acordao-471-2024\/#breadcrumb"},"inLanguage":"en-US","potentialAction":[{"@type":"ReadAction","target":["https:\/\/lisbonpubliclaw.pt\/blog\/acordao-471-2024\/"]}]},{"@type":"BreadcrumbList","@id":"https:\/\/lisbonpubliclaw.pt\/blog\/acordao-471-2024\/#breadcrumb","itemListElement":[{"@type":"ListItem","position":1,"name":"Home","item":"https:\/\/lisbonpubliclaw.pt\/"},{"@type":"ListItem","position":2,"name":"Blog","item":"https:\/\/lisbonpubliclaw.pt\/blog\/"},{"@type":"ListItem","position":3,"name":"Tribunal Constitucional reconhece constitucionalidade de norma que garante amnistia a crimes praticados por \u201cjovens\u201d durante a Jornada Mundial da Juventude"}]},{"@type":"WebSite","@id":"https:\/\/lisbonpubliclaw.pt\/#website","url":"https:\/\/lisbonpubliclaw.pt\/","name":"Lisbon Public Law","description":"Public Law Research Centre in Lisbon","publisher":{"@id":"https:\/\/lisbonpubliclaw.pt\/#organization"},"potentialAction":[{"@type":"SearchAction","target":{"@type":"EntryPoint","urlTemplate":"https:\/\/lisbonpubliclaw.pt\/?s={search_term_string}"},"query-input":{"@type":"PropertyValueSpecification","valueRequired":true,"valueName":"search_term_string"}}],"inLanguage":"en-US"},{"@type":"Organization","@id":"https:\/\/lisbonpubliclaw.pt\/#organization","name":"Lisbon Public Law","url":"https:\/\/lisbonpubliclaw.pt\/","logo":{"@type":"ImageObject","inLanguage":"en-US","@id":"https:\/\/lisbonpubliclaw.pt\/#\/schema\/logo\/image\/","url":"https:\/\/lisbonpubliclaw.pt\/wp-content\/uploads\/2023\/06\/WhatsApp-Image-2023-06-19-at-11.01.50-1.jpeg","contentUrl":"https:\/\/lisbonpubliclaw.pt\/wp-content\/uploads\/2023\/06\/WhatsApp-Image-2023-06-19-at-11.01.50-1.jpeg","width":354,"height":354,"caption":"Lisbon Public Law"},"image":{"@id":"https:\/\/lisbonpubliclaw.pt\/#\/schema\/logo\/image\/"}}]}},"_links":{"self":[{"href":"https:\/\/lisbonpubliclaw.pt\/en\/wp-json\/wp\/v2\/blog\/6851","targetHints":{"allow":["GET"]}}],"collection":[{"href":"https:\/\/lisbonpubliclaw.pt\/en\/wp-json\/wp\/v2\/blog"}],"about":[{"href":"https:\/\/lisbonpubliclaw.pt\/en\/wp-json\/wp\/v2\/types\/blog"}],"wp:attachment":[{"href":"https:\/\/lisbonpubliclaw.pt\/en\/wp-json\/wp\/v2\/media?parent=6851"}],"wp:term":[{"taxonomy":"categoria-blog-observatorio","embeddable":true,"href":"https:\/\/lisbonpubliclaw.pt\/en\/wp-json\/wp\/v2\/categoria-blog-observatorio?post=6851"},{"taxonomy":"cluster","embeddable":true,"href":"https:\/\/lisbonpubliclaw.pt\/en\/wp-json\/wp\/v2\/cluster?post=6851"},{"taxonomy":"grupo-de-investigacao","embeddable":true,"href":"https:\/\/lisbonpubliclaw.pt\/en\/wp-json\/wp\/v2\/grupo-de-investigacao?post=6851"}],"curies":[{"name":"wp","href":"https:\/\/api.w.org\/{rel}","templated":true}]}}